{"id":14574,"date":"2023-11-29T18:05:39","date_gmt":"2023-11-29T17:05:39","guid":{"rendered":"https:\/\/sites.ffkarate.fr\/hautsdeseine\/?p=14574"},"modified":"2023-11-29T18:08:22","modified_gmt":"2023-11-29T17:08:22","slug":"resultats-coupe-de-france-minimes-et-cadets-25-26-11-2023","status":"publish","type":"post","link":"https:\/\/sites.ffkarate.fr\/hautsdeseine\/2023\/11\/29\/resultats-coupe-de-france-minimes-et-cadets-25-26-11-2023\/","title":{"rendered":"R\u00e9sultats &#8211; Coupe de France minimes et cadets &#8211; 25-26.11.2023"},"content":{"rendered":"<div class=\"wpb-content-wrapper\"><p>[vc_row][vc_column][vc_column_text]Le <span style=\"color: #1423a0\"><strong>samedi 25<\/strong><span style=\"color: #000000\">\u00a0et <\/span><strong>dimanche 26 novembre<\/strong><strong>\u00a02023<\/strong><\/span> avait lieu la <span style=\"color: #dc2d5a\"><strong>Coupe de France minimes et cadets <\/strong><span style=\"color: #000000\">au<\/span><\/span> <span style=\"color: #1423a0\"><strong>Grand-D\u00f4me de Villebon<\/strong><\/span> (<em>91<\/em>).<!--more--><\/p>\n<p>Le <span style=\"color: #dc2d5a\"><strong>CDKarate92<\/strong><\/span> remporte <span style=\"color: #1423a0\"><strong>3 m\u00e9dailles<\/strong><span style=\"color: #000000\"> dont <\/span><\/span><span style=\"color: #dc2d5a\"><strong>1 m\u00e9daille d&rsquo;argent<\/strong><\/span> et <span style=\"color: #1423a0\"><strong>2 m\u00e9dailles de bronze<\/strong><\/span>.<\/p>\n<p><strong style=\"color: #000000\">2\u00e8me place :<\/strong><\/p>\n<ul>\n<li><strong>Lina ABID<\/strong>\u00a0(<em>SKC Villeneuve-La-Garenne<\/em>) &#8211; Cadet +61 kg f\u00e9minine<\/li>\n<\/ul>\n<p><strong style=\"color: #000000\">3\u00e8me place :<\/strong><\/p>\n<ul>\n<li><strong>Natan TRUONG<\/strong>\u00a0(<em>Karate Institut Style Shotokan<\/em>) &#8211; Minime -40 kg masculin<\/li>\n<li><strong>Youssouf CISSOKHO<\/strong>\u00a0(<em>IGKDF Vanves<\/em>) &#8211; Minime -55 kg masculin<\/li>\n<\/ul>\n<p>Le <span style=\"color: #dc2d5a\"><strong>CDKarate92<\/strong><\/span> f\u00e9licite les comp\u00e9titeurs et les clubs pour ces tr\u00e8s beaux r\u00e9sultats.[\/vc_column_text][vc_gallery images=\u00a0\u00bb14572,14569&Prime; title=\u00a0\u00bbPhoos : C\u00e9dric BUFKENS &#8211; FFK\u00a0\u00bb][\/vc_column][\/vc_row]<\/p>\n<\/div>","protected":false},"excerpt":{"rendered":"<p>[vc_row][vc_column][vc_column_text]Le samedi 25\u00a0et dimanche 26 novembre\u00a02023 avait lieu la Coupe de France minimes et cadets au Grand-D\u00f4me de Villebon (91).<\/p>\n","protected":false},"author":87,"featured_media":14571,"comment_status":"closed","ping_status":"closed","sticky":false,"template":"","format":"standard","meta":{"footnotes":""},"categories":[10],"tags":[],"class_list":["post-14574","post","type-post","status-publish","format-standard","hentry","category-competitions"],"_links":{"self":[{"href":"https:\/\/sites.ffkarate.fr\/hautsdeseine\/wp-json\/wp\/v2\/posts\/14574","targetHints":{"allow":["GET"]}}],"collection":[{"href":"https:\/\/sites.ffkarate.fr\/hautsdeseine\/wp-json\/wp\/v2\/posts"}],"about":[{"href":"https:\/\/sites.ffkarate.fr\/hautsdeseine\/wp-json\/wp\/v2\/types\/post"}],"author":[{"embeddable":true,"href":"https:\/\/sites.ffkarate.fr\/hautsdeseine\/wp-json\/wp\/v2\/users\/87"}],"replies":[{"embeddable":true,"href":"https:\/\/sites.ffkarate.fr\/hautsdeseine\/wp-json\/wp\/v2\/comments?post=14574"}],"version-history":[{"count":5,"href":"https:\/\/sites.ffkarate.fr\/hautsdeseine\/wp-json\/wp\/v2\/posts\/14574\/revisions"}],"predecessor-version":[{"id":14589,"href":"https:\/\/sites.ffkarate.fr\/hautsdeseine\/wp-json\/wp\/v2\/posts\/14574\/revisions\/14589"}],"wp:featuredmedia":[{"embeddable":true,"href":"https:\/\/sites.ffkarate.fr\/hautsdeseine\/wp-json\/wp\/v2\/media\/14571"}],"wp:attachment":[{"href":"https:\/\/sites.ffkarate.fr\/hautsdeseine\/wp-json\/wp\/v2\/media?parent=14574"}],"wp:term":[{"taxonomy":"category","embeddable":true,"href":"https:\/\/sites.ffkarate.fr\/hautsdeseine\/wp-json\/wp\/v2\/categories?post=14574"},{"taxonomy":"post_tag","embeddable":true,"href":"https:\/\/sites.ffkarate.fr\/hautsdeseine\/wp-json\/wp\/v2\/tags?post=14574"}],"curies":[{"name":"wp","href":"https:\/\/api.w.org\/{rel}","templated":true}]}}