{"id":14585,"date":"2023-12-02T18:27:35","date_gmt":"2023-12-02T17:27:35","guid":{"rendered":"https:\/\/sites.ffkarate.fr\/hautsdeseine\/?p=14585"},"modified":"2023-12-02T18:27:35","modified_gmt":"2023-12-02T17:27:35","slug":"resultats-coupe-de-france-contact-et-semi-contact-25-26-11-2023","status":"publish","type":"post","link":"https:\/\/sites.ffkarate.fr\/hautsdeseine\/2023\/12\/02\/resultats-coupe-de-france-contact-et-semi-contact-25-26-11-2023\/","title":{"rendered":"R\u00e9sultats &#8211; Coupe de France Contact et Semi-Contact &#8211; 25-26.11.2023"},"content":{"rendered":"<div class=\"wpb-content-wrapper\"><p>[vc_row][vc_column][vc_column_text]Le <span style=\"color: #1423a0\"><strong>samedi 25<\/strong><span style=\"color: #000000\">\u00a0et <\/span><strong>dimanche 26 novembre<\/strong><strong>\u00a02023<\/strong><\/span> avait lieu la <span style=\"color: #dc2d5a\"><strong>Coupe de France Contact et Semi-Contact <\/strong><span style=\"color: #000000\">\u00e0<\/span><\/span>\u00a0<span style=\"color: #1423a0\"><strong>Bourg-De-P\u00e9age<\/strong><\/span> (<em>26<\/em>).<!--more--><\/p>\n<p>Le <span style=\"color: #dc2d5a\"><strong>CDKarate92<\/strong><\/span> remporte <span style=\"color: #1423a0\"><strong>5 m\u00e9dailles<\/strong><span style=\"color: #000000\"> dont <\/span><\/span><span style=\"color: #dc2d5a\"><strong>4 m\u00e9dailles d&rsquo;or<\/strong><\/span> et <span style=\"color: #1423a0\"><strong>1 m\u00e9daille de bronze<\/strong><\/span>.<\/p>\n<p><strong>1\u00e8re place :<\/strong><\/p>\n<ul>\n<li><strong>Younes BOUZID<\/strong>\u00a0(<em>Karatedo Hobukan<\/em>) &#8211; Junior contact -75 kg masculin<\/li>\n<li><strong>Gr\u00e9goire ALLES<\/strong>\u00a0(<em>Karate Bu Jutsu Suresnois<\/em>) &#8211; Senior semi-contact +90 kg masculin<\/li>\n<li><strong>Nasir-Uddine LAHOUICHI<\/strong>\u00a0(<em>Karatedo Hobukan<\/em>) &#8211; Senior contact -76 kg masculin<\/li>\n<li><strong>Rayane CHOUGAR<\/strong>\u00a0(<em>Karatedo Hobukan<\/em>) &#8211; Senior contact -90 kg masculin<\/li>\n<\/ul>\n<p><strong style=\"color: #000000\">3\u00e8me place :<\/strong><\/p>\n<ul>\n<li><strong>Morad RHARBI<\/strong>\u00a0(<em>Karatedo Hobukan<\/em>) &#8211; V\u00e9t\u00e9ran semi-contact -40 kg masculin<\/li>\n<\/ul>\n<p>Le <span style=\"color: #dc2d5a\"><strong>CDKarate92<\/strong><\/span> f\u00e9licite les comp\u00e9titeurs et les clubs pour ces tr\u00e8s beaux r\u00e9sultats.[\/vc_column_text][vc_gallery images=\u00a0\u00bb14583,14579,14578,14580&Prime; title=\u00a0\u00bbPhotos : Denis BOULANGER &#8211; FFK\u00a0\u00bb][\/vc_column][\/vc_row]<\/p>\n<\/div>","protected":false},"excerpt":{"rendered":"<p>[vc_row][vc_column][vc_column_text]Le samedi 25\u00a0et dimanche 26 novembre\u00a02023 avait lieu la Coupe de France Contact et Semi-Contact \u00e0\u00a0Bourg-De-P\u00e9age (26).<\/p>\n","protected":false},"author":87,"featured_media":14582,"comment_status":"closed","ping_status":"closed","sticky":false,"template":"","format":"standard","meta":{"footnotes":""},"categories":[15],"tags":[65],"class_list":["post-14585","post","type-post","status-publish","format-standard","hentry","category-k-contact","tag-karate-contact"],"_links":{"self":[{"href":"https:\/\/sites.ffkarate.fr\/hautsdeseine\/wp-json\/wp\/v2\/posts\/14585","targetHints":{"allow":["GET"]}}],"collection":[{"href":"https:\/\/sites.ffkarate.fr\/hautsdeseine\/wp-json\/wp\/v2\/posts"}],"about":[{"href":"https:\/\/sites.ffkarate.fr\/hautsdeseine\/wp-json\/wp\/v2\/types\/post"}],"author":[{"embeddable":true,"href":"https:\/\/sites.ffkarate.fr\/hautsdeseine\/wp-json\/wp\/v2\/users\/87"}],"replies":[{"embeddable":true,"href":"https:\/\/sites.ffkarate.fr\/hautsdeseine\/wp-json\/wp\/v2\/comments?post=14585"}],"version-history":[{"count":2,"href":"https:\/\/sites.ffkarate.fr\/hautsdeseine\/wp-json\/wp\/v2\/posts\/14585\/revisions"}],"predecessor-version":[{"id":14587,"href":"https:\/\/sites.ffkarate.fr\/hautsdeseine\/wp-json\/wp\/v2\/posts\/14585\/revisions\/14587"}],"wp:featuredmedia":[{"embeddable":true,"href":"https:\/\/sites.ffkarate.fr\/hautsdeseine\/wp-json\/wp\/v2\/media\/14582"}],"wp:attachment":[{"href":"https:\/\/sites.ffkarate.fr\/hautsdeseine\/wp-json\/wp\/v2\/media?parent=14585"}],"wp:term":[{"taxonomy":"category","embeddable":true,"href":"https:\/\/sites.ffkarate.fr\/hautsdeseine\/wp-json\/wp\/v2\/categories?post=14585"},{"taxonomy":"post_tag","embeddable":true,"href":"https:\/\/sites.ffkarate.fr\/hautsdeseine\/wp-json\/wp\/v2\/tags?post=14585"}],"curies":[{"name":"wp","href":"https:\/\/api.w.org\/{rel}","templated":true}]}}