{"id":14608,"date":"2023-12-05T15:50:20","date_gmt":"2023-12-05T14:50:20","guid":{"rendered":"https:\/\/sites.ffkarate.fr\/hautsdeseine\/?p=14608"},"modified":"2023-12-05T15:50:20","modified_gmt":"2023-12-05T14:50:20","slug":"resultats-coupe-de-france-kata-02-03-12-2023","status":"publish","type":"post","link":"https:\/\/sites.ffkarate.fr\/hautsdeseine\/2023\/12\/05\/resultats-coupe-de-france-kata-02-03-12-2023\/","title":{"rendered":"R\u00e9sultats &#8211; Coupe de France Kata &#8211; 02-03.12.2023"},"content":{"rendered":"<div class=\"wpb-content-wrapper\"><p>[vc_row][vc_column][vc_column_text]Le <span style=\"color: #1423a0\"><strong>samedi 2 et dimanche 3 d\u00e9cembre 2023<\/strong><\/span> avait lieu la <span style=\"color: #dc2d5a\"><strong>Coupe de France Kata MCJS<\/strong><span style=\"color: #000000\"> en <\/span><strong><span style=\"color: #1423a0\">individuel<\/span><\/strong><span style=\"color: #000000\"> et en <\/span><strong>\u00e9quipe <\/strong><\/span>\u00e0 <span style=\"color: #1423a0\"><strong>Orl\u00e9ans<\/strong><\/span> (<em>45<\/em>).<!--more--><\/p>\n<p>Le <span style=\"color: #dc2d5a\"><strong>CDKarate92<\/strong><\/span> remporte <span style=\"color: #1423a0\"><strong>6 m\u00e9dailles<\/strong><\/span> dont <span style=\"color: #1423a0\"><span style=\"color: #dc2d5a\"><strong>1 m\u00e9daille d&rsquo;or<\/strong><\/span><span style=\"color: #000000\">,<\/span> <strong>3 m\u00e9dailles d&rsquo;argent<\/strong><\/span> et <span style=\"color: #dc2d5a\"><strong>2 m\u00e9dailles de bronze<\/strong><\/span>.<\/p>\n<p><span style=\"color: #000000\"><strong>1\u00e8re place :<\/strong><\/span><\/p>\n<ul>\n<li><strong>In\u00e8s ORDONEZ<\/strong>\u00a0(<em>IGKDF Vanves<\/em>) &#8211; Kata f\u00e9minine Cadet<\/li>\n<\/ul>\n<p><span style=\"color: #000000\"><strong>2\u00e8me place :<\/strong><\/span><\/p>\n<ul>\n<li><strong>Ad\u00e9lia HERRMAN<\/strong>\u00a0(<em>IGKDF Vanves<\/em>) &#8211; Kata f\u00e9minine Junior<\/li>\n<li><strong>Manon PATAKI<\/strong>\u00a0(<em>IGKDF Vanves<\/em>) &#8211; Kata f\u00e9minine Minime<\/li>\n<li><strong>Camil PERINI<\/strong> (<em>IGKDF Vanves<\/em>) &#8211; Kata masculin Cadet<\/li>\n<\/ul>\n<p><span style=\"color: #000000\"><strong>3\u00e8me place :<\/strong><\/span><\/p>\n<ul>\n<li><strong>Aurore DESPUJOLS<\/strong> (<em>IGKDF Vanves<\/em>) &#8211; Kata f\u00e9minine Cadet<\/li>\n<li><strong>Equipe<\/strong>\u00a0(<em>IGKDF Vanves<\/em>) &#8211; Kata f\u00e9minine Junior<\/li>\n<\/ul>\n<p>Le <span style=\"color: #1423a0\"><strong>CDKarate92<\/strong><\/span> f\u00e9licite les comp\u00e9titeurs et le club de <span style=\"color: #dc2d5a\"><strong>Vanves<\/strong><\/span> pour leurs tr\u00e8s beaux r\u00e9sultats.[\/vc_column_text][vc_gallery images=\u00a0\u00bb14614,14613,14612,14611&Prime; title=\u00a0\u00bbPhotos : Denis BOULANGER &#8211; FFK\u00a0\u00bb][\/vc_column][\/vc_row]<\/p>\n<\/div>","protected":false},"excerpt":{"rendered":"<p>[vc_row][vc_column][vc_column_text]Le samedi 2 et dimanche 3 d\u00e9cembre 2023 avait lieu la Coupe de France Kata MCJS en individuel et en \u00e9quipe \u00e0 Orl\u00e9ans (45).<\/p>\n","protected":false},"author":87,"featured_media":14610,"comment_status":"closed","ping_status":"closed","sticky":false,"template":"","format":"standard","meta":{"footnotes":""},"categories":[10],"tags":[77],"class_list":["post-14608","post","type-post","status-publish","format-standard","hentry","category-competitions","tag-competitions"],"_links":{"self":[{"href":"https:\/\/sites.ffkarate.fr\/hautsdeseine\/wp-json\/wp\/v2\/posts\/14608","targetHints":{"allow":["GET"]}}],"collection":[{"href":"https:\/\/sites.ffkarate.fr\/hautsdeseine\/wp-json\/wp\/v2\/posts"}],"about":[{"href":"https:\/\/sites.ffkarate.fr\/hautsdeseine\/wp-json\/wp\/v2\/types\/post"}],"author":[{"embeddable":true,"href":"https:\/\/sites.ffkarate.fr\/hautsdeseine\/wp-json\/wp\/v2\/users\/87"}],"replies":[{"embeddable":true,"href":"https:\/\/sites.ffkarate.fr\/hautsdeseine\/wp-json\/wp\/v2\/comments?post=14608"}],"version-history":[{"count":3,"href":"https:\/\/sites.ffkarate.fr\/hautsdeseine\/wp-json\/wp\/v2\/posts\/14608\/revisions"}],"predecessor-version":[{"id":14616,"href":"https:\/\/sites.ffkarate.fr\/hautsdeseine\/wp-json\/wp\/v2\/posts\/14608\/revisions\/14616"}],"wp:featuredmedia":[{"embeddable":true,"href":"https:\/\/sites.ffkarate.fr\/hautsdeseine\/wp-json\/wp\/v2\/media\/14610"}],"wp:attachment":[{"href":"https:\/\/sites.ffkarate.fr\/hautsdeseine\/wp-json\/wp\/v2\/media?parent=14608"}],"wp:term":[{"taxonomy":"category","embeddable":true,"href":"https:\/\/sites.ffkarate.fr\/hautsdeseine\/wp-json\/wp\/v2\/categories?post=14608"},{"taxonomy":"post_tag","embeddable":true,"href":"https:\/\/sites.ffkarate.fr\/hautsdeseine\/wp-json\/wp\/v2\/tags?post=14608"}],"curies":[{"name":"wp","href":"https:\/\/api.w.org\/{rel}","templated":true}]}}