{"id":14857,"date":"2024-01-14T19:37:51","date_gmt":"2024-01-14T18:37:51","guid":{"rendered":"https:\/\/sites.ffkarate.fr\/hautsdeseine\/?p=14857"},"modified":"2024-01-14T19:37:51","modified_gmt":"2024-01-14T18:37:51","slug":"photos-championnat-departemental-kata-et-kumite-06-01-2024","status":"publish","type":"post","link":"https:\/\/sites.ffkarate.fr\/hautsdeseine\/2024\/01\/14\/photos-championnat-departemental-kata-et-kumite-06-01-2024\/","title":{"rendered":"Photos &#8211; Championnat D\u00e9partemental Kata et Kumite &#8211; 06.01.2024"},"content":{"rendered":"<div class=\"wpb-content-wrapper\"><p>[vc_row][vc_column][vc_column_text]Revivez en images le <span style=\"color: #1423a0\"><strong>championnat d\u00e9partemental<\/strong> <\/span>de <span style=\"color: #dc2d5a\"><strong>Kumit\u00e9<\/strong><\/span> et de <span style=\"color: #1423a0\"><strong>Kata<\/strong><\/span> qui s&rsquo;est d\u00e9roul\u00e9 le <span style=\"color: #dc2d5a\"><strong>samedi 6 janvier 2024<\/strong><\/span> \u00e0 <span style=\"color: #1423a0\"><strong>Villeneuve-La-Garenne<\/strong><\/span> (<em>92<\/em>).<!--more--><\/p>\n<p>La comp\u00e9tition a rassembl\u00e9 <span style=\"color: #dc2d5a\"><strong>153 participants<\/strong><\/span>, dont <span style=\"color: #1423a0\"><strong>112 en combat<\/strong><\/span> et <span style=\"color: #dc2d5a\"><strong>41 en kata<\/strong><\/span>.<\/p>\n<p>Nous f\u00e9licitons chaleureusement les clubs, comp\u00e9titeurs, entra\u00eeneurs, arbitres, b\u00e9n\u00e9voles et spectateurs pour leur engagement et leur pr\u00e9sence.<\/p>\n<p>Un grand merci au club du <span style=\"color: #1423a0\"><strong>SKC Villeneuve-La-Garenne<\/strong><\/span> et \u00e0 la ville de <span style=\"color: #dc2d5a\"><strong>Villeneuve-La-Garenne<\/strong><\/span> pour leur accueil.<\/p>\n<p>Retrouvez l&rsquo;int\u00e9gralit\u00e9 des photos sur notre page Facebook : <a href=\"https:\/\/www.facebook.com\/CDKarate92\" target=\"_blank\" rel=\"noopener\"><span style=\"color: #1423a0\"><strong>CDKarate92<\/strong><\/span><\/a>[\/vc_column_text][vc_gallery images=\u00a0\u00bb14862,14863,14861,14858,14859&Prime;][\/vc_column][\/vc_row]<\/p>\n<\/div>","protected":false},"excerpt":{"rendered":"<p>[vc_row][vc_column][vc_column_text]Revivez en images le championnat d\u00e9partemental de Kumit\u00e9 et de Kata qui s&rsquo;est d\u00e9roul\u00e9 le samedi 6 janvier 2024 \u00e0 Villeneuve-La-Garenne (92).<\/p>\n","protected":false},"author":87,"featured_media":14860,"comment_status":"closed","ping_status":"closed","sticky":false,"template":"","format":"standard","meta":{"footnotes":""},"categories":[10],"tags":[77],"class_list":["post-14857","post","type-post","status-publish","format-standard","hentry","category-competitions","tag-competitions"],"_links":{"self":[{"href":"https:\/\/sites.ffkarate.fr\/hautsdeseine\/wp-json\/wp\/v2\/posts\/14857","targetHints":{"allow":["GET"]}}],"collection":[{"href":"https:\/\/sites.ffkarate.fr\/hautsdeseine\/wp-json\/wp\/v2\/posts"}],"about":[{"href":"https:\/\/sites.ffkarate.fr\/hautsdeseine\/wp-json\/wp\/v2\/types\/post"}],"author":[{"embeddable":true,"href":"https:\/\/sites.ffkarate.fr\/hautsdeseine\/wp-json\/wp\/v2\/users\/87"}],"replies":[{"embeddable":true,"href":"https:\/\/sites.ffkarate.fr\/hautsdeseine\/wp-json\/wp\/v2\/comments?post=14857"}],"version-history":[{"count":2,"href":"https:\/\/sites.ffkarate.fr\/hautsdeseine\/wp-json\/wp\/v2\/posts\/14857\/revisions"}],"predecessor-version":[{"id":14865,"href":"https:\/\/sites.ffkarate.fr\/hautsdeseine\/wp-json\/wp\/v2\/posts\/14857\/revisions\/14865"}],"wp:featuredmedia":[{"embeddable":true,"href":"https:\/\/sites.ffkarate.fr\/hautsdeseine\/wp-json\/wp\/v2\/media\/14860"}],"wp:attachment":[{"href":"https:\/\/sites.ffkarate.fr\/hautsdeseine\/wp-json\/wp\/v2\/media?parent=14857"}],"wp:term":[{"taxonomy":"category","embeddable":true,"href":"https:\/\/sites.ffkarate.fr\/hautsdeseine\/wp-json\/wp\/v2\/categories?post=14857"},{"taxonomy":"post_tag","embeddable":true,"href":"https:\/\/sites.ffkarate.fr\/hautsdeseine\/wp-json\/wp\/v2\/tags?post=14857"}],"curies":[{"name":"wp","href":"https:\/\/api.w.org\/{rel}","templated":true}]}}