{"id":15062,"date":"2024-02-09T17:28:17","date_gmt":"2024-02-09T16:28:17","guid":{"rendered":"https:\/\/sites.ffkarate.fr\/hautsdeseine\/?p=15062"},"modified":"2024-02-09T18:01:46","modified_gmt":"2024-02-09T17:01:46","slug":"resultats-open-idf-kata-pupilles-benjamins-04-02-2024","status":"publish","type":"post","link":"https:\/\/sites.ffkarate.fr\/hautsdeseine\/2024\/02\/09\/resultats-open-idf-kata-pupilles-benjamins-04-02-2024\/","title":{"rendered":"R\u00e9sultats &#8211; Open IDF Kata Pupilles \/ Benjamins &#8211; 04.02.2024"},"content":{"rendered":"<div class=\"wpb-content-wrapper\"><p>[vc_row][vc_column][vc_column_text]Le <span style=\"color: #1423a0\"><strong>dimanche 4 f\u00e9vrier 2024<\/strong><\/span> avait lieu l&rsquo;<span style=\"color: #dc2d5a\"><strong>Open IDF Kata<\/strong><\/span><span style=\"color: #000000\">\u00a0<\/span><span style=\"color: #000000\">pour les<\/span> <span style=\"color: #1423a0\"><strong>pupilles<\/strong><\/span> et <span style=\"color: #dc2d5a\"><strong>benjamins<\/strong><\/span>\u00a0\u00e0 <span style=\"color: #1423a0\"><strong>Rungis<\/strong><\/span><span style=\"color: #dc2d5a\">\u00a0<\/span>(<em>94<\/em>).<!--more--><\/p>\n<p>Le <span style=\"color: #dc2d5a\"><strong>CDKarate92<\/strong><\/span> remporte <span style=\"color: #1423a0\"><strong> 1 m\u00e9daille d&rsquo;or<\/strong><span style=\"color: #000000\">, <span style=\"color: #dc2d5a\"><strong>1 m\u00e9daille d&rsquo;argent<\/strong><\/span><\/span><\/span><span style=\"color: #000000\">\u00a0et<\/span> <span style=\"color: #1423a0\"><strong>1 m\u00e9daille de bronze<\/strong><\/span>.<\/p>\n<p><strong>1\u00e8re place :<\/strong><\/p>\n<ul>\n<li><strong>Liam SUSSMAN <\/strong>\u00a0(<em>Levallois Sporting Club<\/em>) &#8211; Pupille masculin Kata<\/li>\n<\/ul>\n<p><span style=\"color: #000000\"><strong>2\u00e8me place :<\/strong><\/span><\/p>\n<ul>\n<li><strong>Victoria DUBREIL<\/strong> (<em>IGKDF Vanves<\/em>) &#8211; Benjamin f\u00e9minine Kata<\/li>\n<\/ul>\n<p><strong>3\u00e8me place :<\/strong><\/p>\n<ul>\n<li><strong>Adam KUMAR <\/strong>\u00a0(<em>Levallois Sporting Club<\/em>) &#8211; Pupille masculin Kata<\/li>\n<\/ul>\n<p>Les podium\u00e9s cit\u00e9s ci-dessus sont qualifi\u00e9s pour la <span style=\"color: #dc2d5a\"><strong>Coupe de France Kata<\/strong><\/span> qui aura lieu le <span style=\"color: #1423a0\"><strong>samedi 13<\/strong><\/span> et <span style=\"color: #1423a0\"><strong>dimanche 14 avril 2024<\/strong><\/span> \u00e0 <span style=\"color: #dc2d5a\"><strong>Ceyrat<\/strong><\/span> (<em>63<\/em>).<\/p>\n<p>Le CKD92 f\u00e9licite les comp\u00e9titeurs pour leurs tr\u00e8s beaux r\u00e9sultats.[\/vc_column_text][vc_single_image image=\u00a0\u00bb15059&Prime; title=\u00a0\u00bbPhotos : Ligue IDF Karate\u00a0\u00bb][\/vc_column][\/vc_row]<\/p>\n<\/div>","protected":false},"excerpt":{"rendered":"<p>[vc_row][vc_column][vc_column_text]Le dimanche 4 f\u00e9vrier 2024 avait lieu l&rsquo;Open IDF Kata\u00a0pour les pupilles et benjamins\u00a0\u00e0 Rungis\u00a0(94).<\/p>\n","protected":false},"author":87,"featured_media":15058,"comment_status":"closed","ping_status":"closed","sticky":false,"template":"","format":"standard","meta":{"footnotes":""},"categories":[10],"tags":[],"class_list":["post-15062","post","type-post","status-publish","format-standard","hentry","category-competitions"],"_links":{"self":[{"href":"https:\/\/sites.ffkarate.fr\/hautsdeseine\/wp-json\/wp\/v2\/posts\/15062","targetHints":{"allow":["GET"]}}],"collection":[{"href":"https:\/\/sites.ffkarate.fr\/hautsdeseine\/wp-json\/wp\/v2\/posts"}],"about":[{"href":"https:\/\/sites.ffkarate.fr\/hautsdeseine\/wp-json\/wp\/v2\/types\/post"}],"author":[{"embeddable":true,"href":"https:\/\/sites.ffkarate.fr\/hautsdeseine\/wp-json\/wp\/v2\/users\/87"}],"replies":[{"embeddable":true,"href":"https:\/\/sites.ffkarate.fr\/hautsdeseine\/wp-json\/wp\/v2\/comments?post=15062"}],"version-history":[{"count":7,"href":"https:\/\/sites.ffkarate.fr\/hautsdeseine\/wp-json\/wp\/v2\/posts\/15062\/revisions"}],"predecessor-version":[{"id":15116,"href":"https:\/\/sites.ffkarate.fr\/hautsdeseine\/wp-json\/wp\/v2\/posts\/15062\/revisions\/15116"}],"wp:featuredmedia":[{"embeddable":true,"href":"https:\/\/sites.ffkarate.fr\/hautsdeseine\/wp-json\/wp\/v2\/media\/15058"}],"wp:attachment":[{"href":"https:\/\/sites.ffkarate.fr\/hautsdeseine\/wp-json\/wp\/v2\/media?parent=15062"}],"wp:term":[{"taxonomy":"category","embeddable":true,"href":"https:\/\/sites.ffkarate.fr\/hautsdeseine\/wp-json\/wp\/v2\/categories?post=15062"},{"taxonomy":"post_tag","embeddable":true,"href":"https:\/\/sites.ffkarate.fr\/hautsdeseine\/wp-json\/wp\/v2\/tags?post=15062"}],"curies":[{"name":"wp","href":"https:\/\/api.w.org\/{rel}","templated":true}]}}