{"id":15128,"date":"2024-02-12T15:56:37","date_gmt":"2024-02-12T14:56:37","guid":{"rendered":"https:\/\/sites.ffkarate.fr\/hautsdeseine\/?p=15128"},"modified":"2024-02-12T15:56:37","modified_gmt":"2024-02-12T14:56:37","slug":"resultats-championnats-deurope-cadets-juniors-et-u21-09-11-02-2024","status":"publish","type":"post","link":"https:\/\/sites.ffkarate.fr\/hautsdeseine\/2024\/02\/12\/resultats-championnats-deurope-cadets-juniors-et-u21-09-11-02-2024\/","title":{"rendered":"R\u00e9sultats &#8211; Championnats d&rsquo;Europe Cadets, juniors et U21 &#8211; 09-11.02.2024"},"content":{"rendered":"<div class=\"wpb-content-wrapper\"><p>[vc_row][vc_column][vc_column_text]Du <span style=\"color: #1423a0\"><strong>vendredi 9<\/strong><\/span> au <span style=\"color: #dc2d5a\"><strong>dimanche 11 f\u00e9vrier 2024<\/strong><\/span> avait lieu les\u00a0<span style=\"color: #1423a0\"><strong>51\u00e8me Championnats d&rsquo;Europe Cadets<\/strong><span style=\"color: #000000\">, <\/span><span style=\"color: #dc2d5a\"><strong>juniors<\/strong><\/span><span style=\"color: #000000\"> et <\/span><strong>U21<\/strong><\/span>\u00a0\u00e0 <span style=\"color: #dc2d5a\"><strong>Tbilisi<\/strong><\/span> (<em>G\u00e9orgie<\/em>).<!--more--><\/p>\n<p>Le <span style=\"color: #dc2d5a\"><strong>CDKarate92<\/strong><\/span> remporte <span style=\"color: #1423a0\"><strong style=\"color: #1423a0\"><span style=\"color: #1423a0\">1<\/span><\/strong><strong><span style=\"color: #1423a0\"> m\u00e9daille d&rsquo;or<\/span><\/strong><span style=\"color: #000000\"><span style=\"color: #000000\">.<\/span><\/span><\/span><\/p>\n<p><strong>1\u00e8re place :<\/strong><\/p>\n<ul>\n<li><strong>Chlo\u00e9 BREUZARD<\/strong>\u00a0(<em>IGKDF Vanves<\/em>) &#8211; U21 f\u00e9minine -50 kg<\/li>\n<\/ul>\n<p>A noter les belles performances de <strong>Djihane MENACER<\/strong> (<em>CSM Puteaux<\/em>), <strong>5\u00e8me<\/strong> chez les U21 f\u00e9minine -61 kg et d&rsquo;<strong>Ismaila CISSOKHO<\/strong> (<em>IGKDF Vanves<\/em>) chez les U21 masculin -67 kg ainsi qu&rsquo;<strong>Amir ZOUAOUI<\/strong> (<em>CSM Puteaux<\/em>) chez les U21 masculin +84 kg qui terminent tous les deux <strong>9\u00e8me<\/strong> de leur cat\u00e9gorie.<\/p>\n<p>Bravo aux participants pour leurs excellents r\u00e9sultats, t\u00e9moignant avec fiert\u00e9 de la repr\u00e9sentation de notre d\u00e9partement et de leur club.<\/p>\n<p>Photo : Karat\u00e9 Insights[\/vc_column_text][\/vc_column][\/vc_row]<\/p>\n<\/div>","protected":false},"excerpt":{"rendered":"<p>[vc_row][vc_column][vc_column_text]Du vendredi 9 au dimanche 11 f\u00e9vrier 2024 avait lieu les\u00a051\u00e8me Championnats d&rsquo;Europe Cadets, juniors et U21\u00a0\u00e0 Tbilisi (G\u00e9orgie).<\/p>\n","protected":false},"author":87,"featured_media":15123,"comment_status":"closed","ping_status":"closed","sticky":false,"template":"","format":"standard","meta":{"footnotes":""},"categories":[10],"tags":[77],"class_list":["post-15128","post","type-post","status-publish","format-standard","hentry","category-competitions","tag-competitions"],"_links":{"self":[{"href":"https:\/\/sites.ffkarate.fr\/hautsdeseine\/wp-json\/wp\/v2\/posts\/15128","targetHints":{"allow":["GET"]}}],"collection":[{"href":"https:\/\/sites.ffkarate.fr\/hautsdeseine\/wp-json\/wp\/v2\/posts"}],"about":[{"href":"https:\/\/sites.ffkarate.fr\/hautsdeseine\/wp-json\/wp\/v2\/types\/post"}],"author":[{"embeddable":true,"href":"https:\/\/sites.ffkarate.fr\/hautsdeseine\/wp-json\/wp\/v2\/users\/87"}],"replies":[{"embeddable":true,"href":"https:\/\/sites.ffkarate.fr\/hautsdeseine\/wp-json\/wp\/v2\/comments?post=15128"}],"version-history":[{"count":2,"href":"https:\/\/sites.ffkarate.fr\/hautsdeseine\/wp-json\/wp\/v2\/posts\/15128\/revisions"}],"predecessor-version":[{"id":15130,"href":"https:\/\/sites.ffkarate.fr\/hautsdeseine\/wp-json\/wp\/v2\/posts\/15128\/revisions\/15130"}],"wp:featuredmedia":[{"embeddable":true,"href":"https:\/\/sites.ffkarate.fr\/hautsdeseine\/wp-json\/wp\/v2\/media\/15123"}],"wp:attachment":[{"href":"https:\/\/sites.ffkarate.fr\/hautsdeseine\/wp-json\/wp\/v2\/media?parent=15128"}],"wp:term":[{"taxonomy":"category","embeddable":true,"href":"https:\/\/sites.ffkarate.fr\/hautsdeseine\/wp-json\/wp\/v2\/categories?post=15128"},{"taxonomy":"post_tag","embeddable":true,"href":"https:\/\/sites.ffkarate.fr\/hautsdeseine\/wp-json\/wp\/v2\/tags?post=15128"}],"curies":[{"name":"wp","href":"https:\/\/api.w.org\/{rel}","templated":true}]}}