{"id":15260,"date":"2024-02-21T18:18:45","date_gmt":"2024-02-21T17:18:45","guid":{"rendered":"https:\/\/sites.ffkarate.fr\/hautsdeseine\/?p=15260"},"modified":"2024-02-21T18:18:45","modified_gmt":"2024-02-21T17:18:45","slug":"resultats-championnat-idf-kata-mcjs-17-18-02-2024","status":"publish","type":"post","link":"https:\/\/sites.ffkarate.fr\/hautsdeseine\/2024\/02\/21\/resultats-championnat-idf-kata-mcjs-17-18-02-2024\/","title":{"rendered":"R\u00e9sultats &#8211; Championnat IDF Kata MCJS &#8211; 17-18.02.2024"},"content":{"rendered":"<div class=\"wpb-content-wrapper\"><p>[vc_row][vc_column][vc_column_text]Le <span style=\"color: #1423a0\"><strong>samedi 17 et dimanche 18 f\u00e9vrier 2024<\/strong><\/span> avait lieu le <span style=\"color: #dc2d5a\"><strong>Championnat IDF Kata<\/strong><\/span><span style=\"color: #000000\">\u00a0<\/span><span style=\"color: #000000\">pour les<\/span> <span style=\"color: #dc2d5a\"><strong><span style=\"color: #1423a0\">minimes<\/span><\/strong><span style=\"color: #000000\">, <\/span><strong>cadets<\/strong><\/span>, <span style=\"color: #1423a0\"><strong>juniors<\/strong><\/span> et <span style=\"color: #dc2d5a\"><strong>s\u00e9niors<\/strong><\/span> \u00e0 <span style=\"color: #1423a0\"><strong>Tremblay-En-France<\/strong><\/span><span style=\"color: #dc2d5a\">\u00a0<\/span>(<em>93<\/em>).<!--more--><\/p>\n<p>Le <span style=\"color: #dc2d5a\"><strong>CDKarate92<\/strong><\/span> remporte <span style=\"color: #1423a0\"><span style=\"color: #000000\"><span style=\"color: #1423a0\"><strong>3 m\u00e9dailles de bronze<\/strong><\/span><\/span><\/span>.<\/p>\n<p><strong style=\"color: #000000\">3\u00e8me place :<\/strong><\/p>\n<ul>\n<li><strong>Ammar OUANES RAYANE<\/strong>\u00a0(<em>IGKDF Vanves<\/em>) &#8211; Minime masculin &#8211; 1\u00e8re division<\/li>\n<li><strong>Manon PATAKI<\/strong>\u00a0(<em>IGKDF Vanves<\/em>) &#8211; Cadet f\u00e9minine &#8211; 1\u00e8re division<\/li>\n<li><strong>Gabrielle TORRES<\/strong> (<em>CSM Puteaux<\/em>) &#8211; S\u00e9nior f\u00e9minine &#8211; 1\u00e8re division<\/li>\n<\/ul>\n<p>Les podium\u00e9s cit\u00e9s ci-dessus sont qualifi\u00e9s pour le <span style=\"color: #1423a0\"><strong>Championnat de France Kata<\/strong><\/span> qui aura lieu le <strong><span style=\"color: #dc2d5a\">samedi 30 et dimanche 31 mars 2024<\/span><\/strong> \u00e0 <span style=\"color: #1423a0\"><strong>Lille<\/strong><\/span> (<em>59<\/em>).<\/p>\n<p>Le <span style=\"color: #dc2d5a\"><strong>CKD92<\/strong><\/span> les f\u00e9licite pour leurs tr\u00e8s beaux r\u00e9sultats.[\/vc_column_text][vc_single_image image=\u00a0\u00bb15258&Prime;][\/vc_column][\/vc_row]<\/p>\n<\/div>","protected":false},"excerpt":{"rendered":"<p>[vc_row][vc_column][vc_column_text]Le samedi 17 et dimanche 18 f\u00e9vrier 2024 avait lieu le Championnat IDF Kata\u00a0pour les minimes, cadets, juniors et s\u00e9niors \u00e0 Tremblay-En-France\u00a0(93).<\/p>\n","protected":false},"author":87,"featured_media":15256,"comment_status":"closed","ping_status":"closed","sticky":false,"template":"","format":"standard","meta":{"footnotes":""},"categories":[10],"tags":[77],"class_list":["post-15260","post","type-post","status-publish","format-standard","hentry","category-competitions","tag-competitions"],"_links":{"self":[{"href":"https:\/\/sites.ffkarate.fr\/hautsdeseine\/wp-json\/wp\/v2\/posts\/15260","targetHints":{"allow":["GET"]}}],"collection":[{"href":"https:\/\/sites.ffkarate.fr\/hautsdeseine\/wp-json\/wp\/v2\/posts"}],"about":[{"href":"https:\/\/sites.ffkarate.fr\/hautsdeseine\/wp-json\/wp\/v2\/types\/post"}],"author":[{"embeddable":true,"href":"https:\/\/sites.ffkarate.fr\/hautsdeseine\/wp-json\/wp\/v2\/users\/87"}],"replies":[{"embeddable":true,"href":"https:\/\/sites.ffkarate.fr\/hautsdeseine\/wp-json\/wp\/v2\/comments?post=15260"}],"version-history":[{"count":2,"href":"https:\/\/sites.ffkarate.fr\/hautsdeseine\/wp-json\/wp\/v2\/posts\/15260\/revisions"}],"predecessor-version":[{"id":15262,"href":"https:\/\/sites.ffkarate.fr\/hautsdeseine\/wp-json\/wp\/v2\/posts\/15260\/revisions\/15262"}],"wp:featuredmedia":[{"embeddable":true,"href":"https:\/\/sites.ffkarate.fr\/hautsdeseine\/wp-json\/wp\/v2\/media\/15256"}],"wp:attachment":[{"href":"https:\/\/sites.ffkarate.fr\/hautsdeseine\/wp-json\/wp\/v2\/media?parent=15260"}],"wp:term":[{"taxonomy":"category","embeddable":true,"href":"https:\/\/sites.ffkarate.fr\/hautsdeseine\/wp-json\/wp\/v2\/categories?post=15260"},{"taxonomy":"post_tag","embeddable":true,"href":"https:\/\/sites.ffkarate.fr\/hautsdeseine\/wp-json\/wp\/v2\/tags?post=15260"}],"curies":[{"name":"wp","href":"https:\/\/api.w.org\/{rel}","templated":true}]}}