{"id":15347,"date":"2024-02-28T17:41:30","date_gmt":"2024-02-28T16:41:30","guid":{"rendered":"https:\/\/sites.ffkarate.fr\/hautsdeseine\/?p=15347"},"modified":"2024-02-28T17:41:46","modified_gmt":"2024-02-28T16:41:46","slug":"resultats-coupe-idf-combat-minimes-et-seniors-24-25-02-2024","status":"publish","type":"post","link":"https:\/\/sites.ffkarate.fr\/hautsdeseine\/2024\/02\/28\/resultats-coupe-idf-combat-minimes-et-seniors-24-25-02-2024\/","title":{"rendered":"R\u00e9sultats &#8211; Coupe IDF Combat Minimes et S\u00e9niors &#8211; 24.25-02.2024"},"content":{"rendered":"<div class=\"wpb-content-wrapper\"><p>[vc_row][vc_column][vc_column_text]Le <span style=\"color: #1423a0\"><strong>samedi 24<\/strong><span style=\"color: #000000\"> et <\/span><strong>dimanche 25 f\u00e9vrier 2024<\/strong><\/span>\u00a0avait lieu la <span style=\"color: #dc2d5a\"><strong>Coupe IDF Combat<\/strong><\/span><span style=\"color: #000000\">\u00a0<\/span><span style=\"color: #000000\">pour les<\/span><span style=\"color: #1423a0\">\u00a0<\/span><span style=\"color: #dc2d5a\"><strong><span style=\"color: #1423a0\">minimes<\/span><\/strong><\/span> et les <span style=\"color: #dc2d5a\"><strong>s\u00e9niors<\/strong><\/span> \u00e0 <span style=\"color: #1423a0\"><strong>St-Michel-Sur-Orge<\/strong><\/span><span style=\"color: #dc2d5a\">\u00a0<\/span>(<em>91<\/em>).<!--more--><\/p>\n<p>Le <span style=\"color: #dc2d5a\"><strong>CDKarate92<\/strong><\/span> remporte <span style=\"color: #1423a0\"><strong>22 m\u00e9dailles<\/strong><\/span> dont <span style=\"color: #1423a0\"><span style=\"color: #dc2d5a\"><strong>11 m\u00e9dailles d&rsquo;or<\/strong><\/span><span style=\"color: #000000\">, <span style=\"color: #1423a0\"><strong>5 m\u00e9dailles d&rsquo;argent<\/strong><\/span><\/span><\/span><span style=\"color: #000000\">\u00a0et<\/span> <span style=\"color: #dc2d5a\"><strong>6 m\u00e9dailles de bronze<\/strong><\/span>.<\/p>\n<p><strong>1\u00e8re place :<\/strong><\/p>\n<ul>\n<li><strong>Alicia IBEGAZENE<\/strong> (<em>CSM Puteaux<\/em>) &#8211; S\u00e9nior f\u00e9minine Kumite -50 kg &#8211; 2\u00e8me division<\/li>\n<li><strong>Angelina LIMA<\/strong>\u00a0(<em>Bois-Colombes Sports Karat\u00e9<\/em>) &#8211; S\u00e9nior f\u00e9minine Kumite -55 kg &#8211; 2\u00e8me division<\/li>\n<li><strong>Celya RETORY<\/strong>\u00a0(<em>CSM Puteaux<\/em>) &#8211; S\u00e9nior f\u00e9minine Kumite -61 kg &#8211; 2\u00e8me division<\/li>\n<li><strong>Margot L&rsquo;HYVER<\/strong>\u00a0(<em>CSM Puteaux<\/em>) &#8211; S\u00e9nior f\u00e9minine Kumite +68 kg &#8211; 1\u00e8re division<\/li>\n<li><strong>Tidiane N&rsquo;DIAYE<\/strong>\u00a0(<em>CSM Puteaux<\/em>) &#8211; S\u00e9nior masculin Kumite -67 kg &#8211; 2\u00e8me division<\/li>\n<li><strong>Yassine ECH CHAD<\/strong> (<em>KISS<\/em>) &#8211; S\u00e9nior masculin Kumite +84 kg &#8211; 1\u00e8re division<\/li>\n<li><strong>Houleye DRAME<\/strong> (<em>Levallois Sporting Club<\/em>) &#8211; Minime f\u00e9minine Kumite -35 kg &#8211; 1\u00e8re division<\/li>\n<li><strong>Aliya BEN RABEH<\/strong>\u00a0(<em>CSA Hauts-De-Rueil<\/em>) &#8211; Minime f\u00e9minine Kumite -45 kg &#8211; 2\u00e8me division<\/li>\n<li><strong>Aur\u00e9line GISBERT<\/strong>\u00a0(<em>KISS<\/em>) &#8211; Minime f\u00e9minine Kumite -55 kg &#8211; 2\u00e8me division<\/li>\n<li><strong>Antoine METZLER<\/strong>\u00a0(<em>CSA Hauts-De-Rueil<\/em>) &#8211; Minime masculin Kumite -50 kg &#8211; 2\u00e8me division<\/li>\n<li><strong>Ryles TROUBA<\/strong>\u00a0(<em>Les Voltigeurs de Billancourt<\/em>) &#8211; Minime masculin Kumite -65 kg &#8211; 1\u00e8re division<\/li>\n<\/ul>\n<p><span style=\"color: #000000\"><strong>2\u00e8me place :<\/strong><\/span><\/p>\n<ul>\n<li><strong>Lina MEZIANE<\/strong> (<em>CSM Puteaux<\/em>) &#8211; S\u00e9nior f\u00e9minine Kumite -61 kg &#8211; 1\u00e8re division<\/li>\n<li><strong>Emma BUREL<\/strong>\u00a0(<em>CSM Puteaux<\/em>) &#8211; S\u00e9nior f\u00e9minine Kumite -68 kg &#8211; 1\u00e8re division<\/li>\n<li><strong>Isaac MATINGOU<\/strong>\u00a0(<em>CSM Puteaux<\/em>) &#8211; S\u00e9nior masculin Kumite -67 kg &#8211; 2\u00e8me division<\/li>\n<li><strong>Kate Lyz MOUTON<\/strong> (<em>KC Colombes<\/em>) &#8211; Minime f\u00e9minine Kumite -45 kg &#8211; 2\u00e8me division<\/li>\n<li><strong>Alexander GARDIAN<\/strong>\u00a0(<em>CSA Hauts-De-Rueil<\/em>) &#8211; Minime masculin Kumite -60 kg &#8211; 2\u00e8me division<\/li>\n<\/ul>\n<p><strong>3\u00e8me place :<\/strong><\/p>\n<ul>\n<li><strong>Am\u00e9lie SALARDAINE<\/strong> (<em>CSA Hauts-De-Rueil<\/em>) &#8211; S\u00e9nior f\u00e9minine Kumite -55 kg &#8211; 1\u00e8re division<\/li>\n<li><strong>Shayma ALI BEN HOUSSINE<\/strong> (<em>CSM Puteaux<\/em>) &#8211; S\u00e9nior f\u00e9minine Kumite -55 kg &#8211; 2\u00e8me division<\/li>\n<li><strong>Nora AKRATI<\/strong> (<em>KC Colombes<\/em>) &#8211; S\u00e9nior f\u00e9minine Kumite -61 kg &#8211; 1\u00e8re division<\/li>\n<li><strong>Chathveekan THIVENDRARAJAH<\/strong>\u00a0(<em>CSM Puteaux<\/em>) &#8211; S\u00e9nior masculin Kumite -67 kg &#8211; 2\u00e8me division<\/li>\n<li><strong>Tao BERTRAND FESCHE<\/strong>\u00a0(<em>KISS<\/em>) &#8211; Minime masculin Kumite -40 kg &#8211; 2\u00e8me division<\/li>\n<li><strong>Nassim BELGUEBLI<\/strong>\u00a0(<em>Courbevoie Sports Karat\u00e9<\/em>) &#8211; Minime masculin Kumite -60 kg &#8211; 2\u00e8me division<\/li>\n<\/ul>\n<p>Les podium\u00e9s cit\u00e9s ci-dessus sont qualifi\u00e9s pour la <span style=\"color: #1423a0\"><strong>Coupe de France S\u00e9niors<\/strong> <span style=\"color: #000000\">qui aura lieu le <\/span><strong><span style=\"color: #dc2d5a\">samedi 6 avril 2024<\/span><\/strong> <span style=\"color: #000000\">\u00e0 <\/span><strong><span style=\"color: #1423a0\">Bourges<\/span><\/strong><span style=\"color: #000000\"> (<em>18<\/em>) et pour la <span style=\"color: #dc2d5a\"><strong>Coupe de France <\/strong><\/span><\/span><span style=\"color: #dc2d5a\"><strong>Minimes<\/strong><\/span><\/span>\u00a0qui aura lieu le <span style=\"color: #1423a0\"><strong>samedi 27<\/strong><\/span> et le <span style=\"color: #dc2d5a\"><strong>dimanche 28 avril 2024<\/strong><\/span> \u00e0 <span style=\"color: #1423a0\"><strong>Vannes<\/strong><\/span> (<em>56<\/em>).<\/p>\n<p>Le <span style=\"color: #dc2d5a\"><strong>CKD92<\/strong><\/span> adresse ses f\u00e9licitations aux comp\u00e9titeurs et aux clubs pour leurs excellents r\u00e9sultats.[\/vc_column_text][vc_gallery images=\u00a0\u00bb15338,15345,15344,15343,15342,15341,15340,15339&Prime;][\/vc_column][\/vc_row]<\/p>\n<\/div>","protected":false},"excerpt":{"rendered":"<p>[vc_row][vc_column][vc_column_text]Le samedi 24 et dimanche 25 f\u00e9vrier 2024\u00a0avait lieu la Coupe IDF Combat\u00a0pour les\u00a0minimes et les s\u00e9niors \u00e0 St-Michel-Sur-Orge\u00a0(91).<\/p>\n","protected":false},"author":87,"featured_media":15337,"comment_status":"closed","ping_status":"closed","sticky":false,"template":"","format":"standard","meta":{"footnotes":""},"categories":[10],"tags":[77],"class_list":["post-15347","post","type-post","status-publish","format-standard","hentry","category-competitions","tag-competitions"],"_links":{"self":[{"href":"https:\/\/sites.ffkarate.fr\/hautsdeseine\/wp-json\/wp\/v2\/posts\/15347","targetHints":{"allow":["GET"]}}],"collection":[{"href":"https:\/\/sites.ffkarate.fr\/hautsdeseine\/wp-json\/wp\/v2\/posts"}],"about":[{"href":"https:\/\/sites.ffkarate.fr\/hautsdeseine\/wp-json\/wp\/v2\/types\/post"}],"author":[{"embeddable":true,"href":"https:\/\/sites.ffkarate.fr\/hautsdeseine\/wp-json\/wp\/v2\/users\/87"}],"replies":[{"embeddable":true,"href":"https:\/\/sites.ffkarate.fr\/hautsdeseine\/wp-json\/wp\/v2\/comments?post=15347"}],"version-history":[{"count":5,"href":"https:\/\/sites.ffkarate.fr\/hautsdeseine\/wp-json\/wp\/v2\/posts\/15347\/revisions"}],"predecessor-version":[{"id":15355,"href":"https:\/\/sites.ffkarate.fr\/hautsdeseine\/wp-json\/wp\/v2\/posts\/15347\/revisions\/15355"}],"wp:featuredmedia":[{"embeddable":true,"href":"https:\/\/sites.ffkarate.fr\/hautsdeseine\/wp-json\/wp\/v2\/media\/15337"}],"wp:attachment":[{"href":"https:\/\/sites.ffkarate.fr\/hautsdeseine\/wp-json\/wp\/v2\/media?parent=15347"}],"wp:term":[{"taxonomy":"category","embeddable":true,"href":"https:\/\/sites.ffkarate.fr\/hautsdeseine\/wp-json\/wp\/v2\/categories?post=15347"},{"taxonomy":"post_tag","embeddable":true,"href":"https:\/\/sites.ffkarate.fr\/hautsdeseine\/wp-json\/wp\/v2\/tags?post=15347"}],"curies":[{"name":"wp","href":"https:\/\/api.w.org\/{rel}","templated":true}]}}