{"id":15403,"date":"2024-03-03T18:46:13","date_gmt":"2024-03-03T17:46:13","guid":{"rendered":"https:\/\/sites.ffkarate.fr\/hautsdeseine\/?p=15403"},"modified":"2024-03-03T19:20:31","modified_gmt":"2024-03-03T18:20:31","slug":"resultats-open-international-light-full-contact-24-25-02-2024","status":"publish","type":"post","link":"https:\/\/sites.ffkarate.fr\/hautsdeseine\/2024\/03\/03\/resultats-open-international-light-full-contact-24-25-02-2024\/","title":{"rendered":"R\u00e9sultats &#8211; Open International\u00a0light &amp; full contact &#8211; 24-25.02.2024"},"content":{"rendered":"<div class=\"wpb-content-wrapper\"><p>[vc_row][vc_column][vc_column_text]Le <span style=\"color: #1423a0\"><strong>samedi 24<\/strong><span style=\"color: #000000\"> et <\/span><strong>dimanche 25 f\u00e9vrier 2024<\/strong><\/span> avait lieu l&rsquo;<span style=\"color: #dc2d5a\"><strong>Open International<\/strong><\/span><span style=\"color: #1423a0\">\u00a0en <\/span><span style=\"color: #dc2d5a\"><strong><span style=\"color: #1423a0\">light <\/span><\/strong><\/span>et <span style=\"color: #dc2d5a\"><strong>full contact<\/strong><\/span> \u00e0 l&rsquo; <span style=\"color: #1423a0\"><strong>INJ<\/strong><\/span><span style=\"color: #dc2d5a\">\u00a0<\/span>(<em>75<\/em>).<!--more--><\/p>\n<p>Le <span style=\"color: #dc2d5a\"><strong>CDKarate92<\/strong><\/span> remporte <span style=\"color: #1423a0\"><strong>11 m\u00e9dailles<\/strong><\/span> dont <span style=\"color: #1423a0\"><span style=\"color: #dc2d5a\"><strong>5 m\u00e9dailles d&rsquo;or<\/strong><\/span><span style=\"color: #000000\">, <span style=\"color: #1423a0\"><strong>2 m\u00e9dailles d&rsquo;argent<\/strong><\/span><\/span><\/span><span style=\"color: #000000\">\u00a0et<\/span> <span style=\"color: #dc2d5a\"><strong>4 m\u00e9dailles de bronze<\/strong><\/span>.<\/p>\n<p><strong>1\u00e8re place :<\/strong><\/p>\n<ul>\n<li><strong>Adrien ATTALAN<\/strong> (<em>CoachMeBy KravMaga<\/em>) &#8211; V\u00e9t\u00e9ran masculin -76 kg &#8211; Light contact<\/li>\n<li><strong>Younes BOUZID<\/strong> (<em>Karatedo Hobukan<\/em>) &#8211; Junior masculin -80 kg &#8211; Light contact<\/li>\n<li><strong>Kevin ANNALORO<\/strong> (<em>CoachMeBy KravMaga<\/em>) &#8211; S\u00e9nior masculin -72 kg &#8211; Light contact<\/li>\n<li><strong>Nasir-Uddine LAHOUICHI<\/strong> (<em>Karatedo Hobukan<\/em>) &#8211; S\u00e9nior masculin -76 kg &#8211; Light contact<\/li>\n<li><strong>Gr\u00e9goire ALLES<\/strong> (<em>Karate Bu Jutsu Suresnois<\/em>) &#8211; S\u00e9nior masculin +90 kg &#8211; Light contact<\/li>\n<\/ul>\n<p><strong style=\"color: #000000\">2\u00e8me place :<\/strong><\/p>\n<ul>\n<li><strong>Abdelrahmane MEREL<\/strong>\u00a0(<em>Karatedo Hobukan<\/em>) &#8211; Junior masculin -70 kg &#8211; Full contact<\/li>\n<li><strong>Paul CABONNIER<\/strong>\u00a0(<em>K B C Garches<\/em>) &#8211; S\u00e9nior masculin +90 kg &#8211; Light contact<\/li>\n<\/ul>\n<p><strong>3\u00e8me place :<\/strong><\/p>\n<ul>\n<li><strong>Othman ARABI<\/strong> (<em>Karatedo Hobukan<\/em>) &#8211; Benjamin masculin -30 kg &#8211; Light contact<\/li>\n<li><strong>Imran PETIT<\/strong>\u00a0(<em>Karatedo Hobukan<\/em>) &#8211; Minime masculin -55 kg &#8211; Light contact<\/li>\n<li><strong>Nathan DERHY<\/strong> (<em>CoachMeBy KravMaga<\/em>) &#8211; Junioe masculin -55 kg &#8211; Light contact<\/li>\n<li><strong>Rayane CHOUGAR<\/strong> (<em>Karatedo Hobukan<\/em>) &#8211; S\u00e9nior masculin -90 kg &#8211; Light contact<\/li>\n<\/ul>\n<p>Le <span style=\"color: #dc2d5a\"><strong>CKD92<\/strong><\/span> adresse ses f\u00e9licitations aux comp\u00e9titeurs et aux clubs pour leurs excellents r\u00e9sultats.[\/vc_column_text][vc_gallery images=\u00a0\u00bb15360,15359,15358,15356&Prime; title=\u00a0\u00bbPhotos : C\u00e9dric BUFKENS &#8211; FFK\u00a0\u00bb][\/vc_column][\/vc_row]<\/p>\n<\/div>","protected":false},"excerpt":{"rendered":"<p>[vc_row][vc_column][vc_column_text]Le samedi 24 et dimanche 25 f\u00e9vrier 2024 avait lieu l&rsquo;Open International\u00a0en light et full contact \u00e0 l&rsquo; INJ\u00a0(75).<\/p>\n","protected":false},"author":87,"featured_media":15357,"comment_status":"closed","ping_status":"closed","sticky":false,"template":"","format":"standard","meta":{"footnotes":""},"categories":[10],"tags":[77],"class_list":["post-15403","post","type-post","status-publish","format-standard","hentry","category-competitions","tag-competitions"],"_links":{"self":[{"href":"https:\/\/sites.ffkarate.fr\/hautsdeseine\/wp-json\/wp\/v2\/posts\/15403","targetHints":{"allow":["GET"]}}],"collection":[{"href":"https:\/\/sites.ffkarate.fr\/hautsdeseine\/wp-json\/wp\/v2\/posts"}],"about":[{"href":"https:\/\/sites.ffkarate.fr\/hautsdeseine\/wp-json\/wp\/v2\/types\/post"}],"author":[{"embeddable":true,"href":"https:\/\/sites.ffkarate.fr\/hautsdeseine\/wp-json\/wp\/v2\/users\/87"}],"replies":[{"embeddable":true,"href":"https:\/\/sites.ffkarate.fr\/hautsdeseine\/wp-json\/wp\/v2\/comments?post=15403"}],"version-history":[{"count":4,"href":"https:\/\/sites.ffkarate.fr\/hautsdeseine\/wp-json\/wp\/v2\/posts\/15403\/revisions"}],"predecessor-version":[{"id":15408,"href":"https:\/\/sites.ffkarate.fr\/hautsdeseine\/wp-json\/wp\/v2\/posts\/15403\/revisions\/15408"}],"wp:featuredmedia":[{"embeddable":true,"href":"https:\/\/sites.ffkarate.fr\/hautsdeseine\/wp-json\/wp\/v2\/media\/15357"}],"wp:attachment":[{"href":"https:\/\/sites.ffkarate.fr\/hautsdeseine\/wp-json\/wp\/v2\/media?parent=15403"}],"wp:term":[{"taxonomy":"category","embeddable":true,"href":"https:\/\/sites.ffkarate.fr\/hautsdeseine\/wp-json\/wp\/v2\/categories?post=15403"},{"taxonomy":"post_tag","embeddable":true,"href":"https:\/\/sites.ffkarate.fr\/hautsdeseine\/wp-json\/wp\/v2\/tags?post=15403"}],"curies":[{"name":"wp","href":"https:\/\/api.w.org\/{rel}","templated":true}]}}