{"id":15424,"date":"2024-03-08T17:11:12","date_gmt":"2024-03-08T16:11:12","guid":{"rendered":"https:\/\/sites.ffkarate.fr\/hautsdeseine\/?p=15424"},"modified":"2024-03-08T17:11:12","modified_gmt":"2024-03-08T16:11:12","slug":"resultats-coupe-de-france-kumite-et-kata-shito-ryu-et-shukokai-02-03-03-2024","status":"publish","type":"post","link":"https:\/\/sites.ffkarate.fr\/hautsdeseine\/2024\/03\/08\/resultats-coupe-de-france-kumite-et-kata-shito-ryu-et-shukokai-02-03-03-2024\/","title":{"rendered":"R\u00e9sultats &#8211; Coupe de France kumite et kata Shito Ryu et Shukokai &#8211; 02-03.03.2024"},"content":{"rendered":"<div class=\"wpb-content-wrapper\"><p>[vc_row][vc_column][vc_column_text]Le <span style=\"color: #1423a0\"><strong>samedi 2<\/strong><span style=\"color: #000000\">\u00a0et <\/span><strong>dimanche 3 mars 2024<\/strong><\/span> avait lieu la <span style=\"color: #dc2d5a\"><strong>Coupe de France Shito Ryu<\/strong><span style=\"color: #000000\"> et <\/span><span style=\"color: #1423a0\"><strong>Shukokai<\/strong><\/span><\/span><span style=\"color: #1423a0\">\u00a0en <\/span><span style=\"color: #dc2d5a\"><strong>kumit\u00e9 <\/strong><\/span>et <span style=\"color: #1423a0\"><strong>kata<\/strong><\/span> au <span style=\"color: #dc2d5a\"><strong>Grand D\u00f4me de Villebon<\/strong><\/span> (<em>91<\/em>).<!--more--><\/p>\n<p>Le <span style=\"color: #1423a0\"><strong>CDKarate92<\/strong><\/span> remporte <span style=\"color: #dc2d5a\"><strong>19 m\u00e9dailles<\/strong><\/span> dont <span style=\"color: #1423a0\"><strong>8 m\u00e9dailles d&rsquo;or<\/strong><span style=\"color: #000000\">, <span style=\"color: #dc2d5a\"><strong>4 m\u00e9dailles d&rsquo;argent<\/strong><\/span><\/span><\/span><span style=\"color: #000000\">\u00a0et<\/span> <span style=\"color: #1423a0\"><strong>7 m\u00e9dailles de bronze<\/strong><\/span>.<\/p>\n<p><strong>1\u00e8re place :<\/strong><\/p>\n<ul>\n<li><strong>Tessnime MAAZOUZI<\/strong>\u00a0(<em>SKC Villeneuve-La-Garenne<\/em>) &#8211; Junior f\u00e9minine -55 kg<\/li>\n<li><strong>Ethan GONZAGUE<\/strong>\u00a0(<em>IGKDF Vanves<\/em>) &#8211; Benjamin masculin -50 kg<\/li>\n<li><strong>Youssouf CISSOKHO<\/strong>\u00a0(<em>IGKDF Vanves<\/em>) &#8211; Minime masculin -58 kg<\/li>\n<li><strong>Ryles TROUBA<\/strong> (<em>Les Voltigeurs de Billancourt<\/em>) &#8211; Minime masculin +58 kg<\/li>\n<li><strong>Tom TIRADO<\/strong>\u00a0(<em>Les Voltigeurs de Billancourt<\/em>) &#8211; Pupille masculin -28 kg<\/li>\n<li><strong>Ismaila CISSOKHO<\/strong>\u00a0(<em>IGKDF Vanves<\/em>) &#8211; S\u00e9nior masculin -68 kg<\/li>\n<li><strong>Jules COLAS<\/strong>\u00a0(<em>IGKDF Vanves<\/em>) &#8211; Minime masculin kata<\/li>\n<li><strong>Manon PATAKI<\/strong>\u00a0(<em>IGKDF Vanves<\/em>) &#8211; Minime f\u00e9minine kata<\/li>\n<\/ul>\n<p><strong style=\"color: #000000\">2\u00e8me place :<\/strong><\/p>\n<ul>\n<li><strong>Andrii KONONETS<\/strong> (<em>Les Voltigeurs de Billancourt<\/em>) &#8211; Benjamin masculin +50 kg<\/li>\n<li><strong>Elian TELLIER\u00a0<\/strong>(<em>Les Voltigeurs de Billancourt<\/em>) &#8211; Pupille masculin -28 kg<\/li>\n<li><strong>Tristan BROCHERIOU<\/strong>\u00a0(<em>IGKDF Vanves<\/em>) &#8211; Benjamin masculin kata<\/li>\n<li><strong>Rayane Ammar OUANES <\/strong>(<em>IGKDF Vanves<\/em>) &#8211; Minime masculin kata<\/li>\n<\/ul>\n<p><strong>3\u00e8me place :<\/strong><\/p>\n<ul>\n<li><strong>Carla TAVARD<\/strong>\u00a0(<em>IGKDF Vanves<\/em>) &#8211; S\u00e9nior f\u00e9minine -60 kg<\/li>\n<li><strong>Mohamed CISSOKHO<\/strong>\u00a0(<em>IGKDF Vanves<\/em>) &#8211; Pupille masculin -35 kg<\/li>\n<li><strong>Nael PHAM<\/strong>\u00a0(<em>IGKDF Vanves<\/em>) &#8211; Benjamin masculin kata<\/li>\n<li><strong>Mohamed CISSOKHO<\/strong>\u00a0(<em>IGKDF Vanves<\/em>) &#8211; Pupille masculin kata<\/li>\n<li><strong>Adam TORRES<\/strong>\u00a0(<em>IGKDF Vanves<\/em>) &#8211; Pupille masculin kata<\/li>\n<li><strong>Orestis ADAM<\/strong>\u00a0(<em>IGKDF Vanves<\/em>) &#8211; Senior masculin kata<\/li>\n<li><strong>Victoria DUBREIL<\/strong>\u00a0(<em>IGKDF Vanves<\/em>) &#8211; Benjamin f\u00e9minine kata<\/li>\n<\/ul>\n<p>Le <span style=\"color: #dc2d5a\"><strong>CKD92<\/strong><\/span> adresse ses f\u00e9licitations aux comp\u00e9titeurs et aux clubs pour leurs excellents r\u00e9sultats.[\/vc_column_text][vc_gallery images=\u00a0\u00bb15473,15472,15471,15470,15469,15468,15467,15466,15465&Prime; title=\u00a0\u00bbPhotos : Alexis SCIARD &#8211; FFK\u00a0\u00bb][\/vc_column][\/vc_row]<\/p>\n<\/div>","protected":false},"excerpt":{"rendered":"<p>[vc_row][vc_column][vc_column_text]Le samedi 2\u00a0et dimanche 3 mars 2024 avait lieu la Coupe de France Shito Ryu et Shukokai\u00a0en kumit\u00e9 et kata au Grand D\u00f4me de Villebon (91).<\/p>\n","protected":false},"author":87,"featured_media":15474,"comment_status":"closed","ping_status":"closed","sticky":false,"template":"","format":"standard","meta":{"footnotes":""},"categories":[1],"tags":[],"class_list":["post-15424","post","type-post","status-publish","format-standard","hentry","category-non-classe"],"_links":{"self":[{"href":"https:\/\/sites.ffkarate.fr\/hautsdeseine\/wp-json\/wp\/v2\/posts\/15424","targetHints":{"allow":["GET"]}}],"collection":[{"href":"https:\/\/sites.ffkarate.fr\/hautsdeseine\/wp-json\/wp\/v2\/posts"}],"about":[{"href":"https:\/\/sites.ffkarate.fr\/hautsdeseine\/wp-json\/wp\/v2\/types\/post"}],"author":[{"embeddable":true,"href":"https:\/\/sites.ffkarate.fr\/hautsdeseine\/wp-json\/wp\/v2\/users\/87"}],"replies":[{"embeddable":true,"href":"https:\/\/sites.ffkarate.fr\/hautsdeseine\/wp-json\/wp\/v2\/comments?post=15424"}],"version-history":[{"count":5,"href":"https:\/\/sites.ffkarate.fr\/hautsdeseine\/wp-json\/wp\/v2\/posts\/15424\/revisions"}],"predecessor-version":[{"id":15475,"href":"https:\/\/sites.ffkarate.fr\/hautsdeseine\/wp-json\/wp\/v2\/posts\/15424\/revisions\/15475"}],"wp:featuredmedia":[{"embeddable":true,"href":"https:\/\/sites.ffkarate.fr\/hautsdeseine\/wp-json\/wp\/v2\/media\/15474"}],"wp:attachment":[{"href":"https:\/\/sites.ffkarate.fr\/hautsdeseine\/wp-json\/wp\/v2\/media?parent=15424"}],"wp:term":[{"taxonomy":"category","embeddable":true,"href":"https:\/\/sites.ffkarate.fr\/hautsdeseine\/wp-json\/wp\/v2\/categories?post=15424"},{"taxonomy":"post_tag","embeddable":true,"href":"https:\/\/sites.ffkarate.fr\/hautsdeseine\/wp-json\/wp\/v2\/tags?post=15424"}],"curies":[{"name":"wp","href":"https:\/\/api.w.org\/{rel}","templated":true}]}}