{"id":1558,"date":"2015-12-07T08:37:13","date_gmt":"2015-12-07T07:37:13","guid":{"rendered":"https:\/\/sites.ffkarate.fr\/liguehautsdeseine\/?post_type=news&amp;p=1558"},"modified":"2015-12-07T08:37:13","modified_gmt":"2015-12-07T07:37:13","slug":"entrainement-elite-kata","status":"publish","type":"post","link":"https:\/\/sites.ffkarate.fr\/hautsdeseine\/2015\/12\/07\/entrainement-elite-kata\/","title":{"rendered":"Entrainement Elite Kata"},"content":{"rendered":"<div class=\"wpb-content-wrapper\"><p>[vc_row][vc_column][vc_column_text]Le dimanche 6 d\u00e9cembre 2015 avait lieu le premier entrainement \u00e9lite en Kata avec <strong>\u00c9meline JOUJOU<\/strong>. 6 jeunes \u00e9taient pr\u00e9sents pour cet entrainement.<\/p>\n<p>&nbsp;<\/p>\n<p>Le prochain entrainement aura lieu le <strong>dimanche 10 janvier 2016<\/strong> \u00e0 Puteaux.<\/p>\n<p>&nbsp;<\/p>\n<p><a href=\"https:\/\/sites.ffkarate.fr\/hautsdeseine\/wp-content\/uploads\/sites\/57\/2015\/12\/20151206_EEK_Puteaux.jpg\"><img decoding=\"async\" class=\"aligncenter wp-image-1557\" src=\"https:\/\/sites.ffkarate.fr\/liguehautsdeseine\/wp-content\/uploads\/sites\/4\/2015\/12\/20151206_EEK_Puteaux-1024x765.jpg\" alt=\"20151206_EEK_Puteaux\" width=\"600\" height=\"448\" \/><\/a>[\/vc_column_text][\/vc_column][\/vc_row]<\/p>\n<\/div>","protected":false},"excerpt":{"rendered":"<p>[vc_row][vc_column][vc_column_text]Le dimanche 6 d\u00e9cembre 2015 avait lieu le premier entrainement \u00e9lite en Kata avec \u00c9meline JOUJOU. 6 jeunes \u00e9taient pr\u00e9sents pour cet entrainement. &nbsp; Le prochain entrainement aura lieu le dimanche 10 janvier 2016 \u00e0 Puteaux. &nbsp; [\/vc_column_text][\/vc_column][\/vc_row]<\/p>\n","protected":false},"author":87,"featured_media":1557,"comment_status":"closed","ping_status":"closed","sticky":false,"template":"","format":"standard","meta":{"footnotes":""},"categories":[1],"tags":[],"class_list":["post-1558","post","type-post","status-publish","format-standard","hentry","category-non-classe"],"_links":{"self":[{"href":"https:\/\/sites.ffkarate.fr\/hautsdeseine\/wp-json\/wp\/v2\/posts\/1558","targetHints":{"allow":["GET"]}}],"collection":[{"href":"https:\/\/sites.ffkarate.fr\/hautsdeseine\/wp-json\/wp\/v2\/posts"}],"about":[{"href":"https:\/\/sites.ffkarate.fr\/hautsdeseine\/wp-json\/wp\/v2\/types\/post"}],"author":[{"embeddable":true,"href":"https:\/\/sites.ffkarate.fr\/hautsdeseine\/wp-json\/wp\/v2\/users\/87"}],"replies":[{"embeddable":true,"href":"https:\/\/sites.ffkarate.fr\/hautsdeseine\/wp-json\/wp\/v2\/comments?post=1558"}],"version-history":[{"count":0,"href":"https:\/\/sites.ffkarate.fr\/hautsdeseine\/wp-json\/wp\/v2\/posts\/1558\/revisions"}],"wp:featuredmedia":[{"embeddable":true,"href":"https:\/\/sites.ffkarate.fr\/hautsdeseine\/wp-json\/wp\/v2\/media\/1557"}],"wp:attachment":[{"href":"https:\/\/sites.ffkarate.fr\/hautsdeseine\/wp-json\/wp\/v2\/media?parent=1558"}],"wp:term":[{"taxonomy":"category","embeddable":true,"href":"https:\/\/sites.ffkarate.fr\/hautsdeseine\/wp-json\/wp\/v2\/categories?post=1558"},{"taxonomy":"post_tag","embeddable":true,"href":"https:\/\/sites.ffkarate.fr\/hautsdeseine\/wp-json\/wp\/v2\/tags?post=1558"}],"curies":[{"name":"wp","href":"https:\/\/api.w.org\/{rel}","templated":true}]}}