{"id":15615,"date":"2024-04-07T19:21:31","date_gmt":"2024-04-07T17:21:31","guid":{"rendered":"https:\/\/sites.ffkarate.fr\/hautsdeseine\/?p=15615"},"modified":"2024-04-07T19:21:49","modified_gmt":"2024-04-07T17:21:49","slug":"photos-open-departemental-ppb-07-04-2024","status":"publish","type":"post","link":"https:\/\/sites.ffkarate.fr\/hautsdeseine\/2024\/04\/07\/photos-open-departemental-ppb-07-04-2024\/","title":{"rendered":"Photos &#8211; Open d\u00e9partemental PPB &#8211; 07.04.2024"},"content":{"rendered":"<div class=\"wpb-content-wrapper\"><p>[vc_row][vc_column][vc_gallery images=\u00a0\u00bb15623,15622,15620,15621,15619,15617,15616&Prime;][vc_column_text]Retour en image sur l&rsquo;<span style=\"color: #1423a0\"><strong>Open\u00a0D\u00e9partemental<\/strong><\/span> en<span style=\"color: #dc2d5a\"><strong> Kumit\u00e9<\/strong><\/span> et\/ou en <span style=\"color: #dc2d5a\"><strong>Kata<\/strong><\/span> pour les <span style=\"color: #1423a0\"><strong>poussins<\/strong><\/span>, <span style=\"color: #1423a0\"><strong>pupilles<\/strong><\/span>\u00a0et\u00a0<span style=\"color: #1423a0\"><strong>benjamins<\/strong><span style=\"color: #000000\"> organis\u00e9 le <\/span><strong><span style=\"color: #dc2d5a\">dimanche 7 avril 2024<\/span><\/strong><span style=\"color: #000000\">\u00a0\u00e0 <\/span><strong>Gennevilliers<\/strong><span style=\"color: #000000\">.<\/span><\/span><!--more--><\/p>\n<p>Tr\u00e8s beau succ\u00e8s pour cette comp\u00e9tition puisque <span style=\"color: #dc2d5a\"><strong>199 comp\u00e9titeurs<\/strong><\/span> \u00e9taient pr\u00e9sents.<\/p>\n<p>Cette comp\u00e9tition sous format d&rsquo;un <span style=\"color: #1423a0\"><strong>Challenge Berger<\/strong><\/span> permet \u00e0 chaque enfant d&rsquo;affronter plusieurs partenaires en <span style=\"color: #dc2d5a\"><strong>kata<\/strong><\/span> et\/ou en <span style=\"color: #dc2d5a\"><strong>combat<\/strong><\/span>. En effet, chaque comp\u00e9titeur a au moins r\u00e9alis\u00e9 <span style=\"color: #1423a0\"><strong>cinq katas<\/strong><\/span> ou <span style=\"color: #1423a0\"><strong>cinq combats<\/strong><\/span>.<\/p>\n<p>Le <span style=\"color: #dc2d5a\"><strong>CDK92<\/strong><\/span> remercie les <span style=\"color: #1423a0\"><strong>14 clubs<\/strong><\/span> ayant r\u00e9pondus pr\u00e9sents, les <span style=\"color: #dc2d5a\"><strong>comp\u00e9titeurs<\/strong><\/span>, les <strong><span style=\"color: #1423a0\">coachs<\/span><\/strong> ainsi que les <span style=\"color: #dc2d5a\"><strong>parents<\/strong><\/span> pour leur pr\u00e9sence, sans oublier la ville de <span style=\"color: #1423a0\"><strong>Gennevillers<\/strong><\/span> pour leur acceuil.<\/p>\n<p>Retrouvez le lien vers l&rsquo;album (<em>Facebook<\/em>) des photos de la comp\u00e9tition en cliquant <span style=\"color: #1423a0\"><a style=\"color: #1423a0\" href=\"https:\/\/www.facebook.com\/media\/set\/?vanity=CDKarate92&amp;set=a.944158101050490\" target=\"_blank\" rel=\"noopener\"><strong>ICI<\/strong><\/a><\/span> &lt;= <em>Cliquez sur le lien<\/em>[\/vc_column_text][\/vc_column][\/vc_row]<\/p>\n<\/div>","protected":false},"excerpt":{"rendered":"<p>[vc_row][vc_column][vc_gallery images=\u00a0\u00bb15623,15622,15620,15621,15619,15617,15616&Prime;][vc_column_text]Retour en image sur l&rsquo;Open\u00a0D\u00e9partemental en Kumit\u00e9 et\/ou en Kata pour les poussins, pupilles\u00a0et\u00a0benjamins organis\u00e9 le dimanche 7 avril 2024\u00a0\u00e0 Gennevilliers.<\/p>\n","protected":false},"author":87,"featured_media":15618,"comment_status":"closed","ping_status":"closed","sticky":false,"template":"","format":"standard","meta":{"footnotes":""},"categories":[10],"tags":[77],"class_list":["post-15615","post","type-post","status-publish","format-standard","hentry","category-competitions","tag-competitions"],"_links":{"self":[{"href":"https:\/\/sites.ffkarate.fr\/hautsdeseine\/wp-json\/wp\/v2\/posts\/15615","targetHints":{"allow":["GET"]}}],"collection":[{"href":"https:\/\/sites.ffkarate.fr\/hautsdeseine\/wp-json\/wp\/v2\/posts"}],"about":[{"href":"https:\/\/sites.ffkarate.fr\/hautsdeseine\/wp-json\/wp\/v2\/types\/post"}],"author":[{"embeddable":true,"href":"https:\/\/sites.ffkarate.fr\/hautsdeseine\/wp-json\/wp\/v2\/users\/87"}],"replies":[{"embeddable":true,"href":"https:\/\/sites.ffkarate.fr\/hautsdeseine\/wp-json\/wp\/v2\/comments?post=15615"}],"version-history":[{"count":3,"href":"https:\/\/sites.ffkarate.fr\/hautsdeseine\/wp-json\/wp\/v2\/posts\/15615\/revisions"}],"predecessor-version":[{"id":15626,"href":"https:\/\/sites.ffkarate.fr\/hautsdeseine\/wp-json\/wp\/v2\/posts\/15615\/revisions\/15626"}],"wp:featuredmedia":[{"embeddable":true,"href":"https:\/\/sites.ffkarate.fr\/hautsdeseine\/wp-json\/wp\/v2\/media\/15618"}],"wp:attachment":[{"href":"https:\/\/sites.ffkarate.fr\/hautsdeseine\/wp-json\/wp\/v2\/media?parent=15615"}],"wp:term":[{"taxonomy":"category","embeddable":true,"href":"https:\/\/sites.ffkarate.fr\/hautsdeseine\/wp-json\/wp\/v2\/categories?post=15615"},{"taxonomy":"post_tag","embeddable":true,"href":"https:\/\/sites.ffkarate.fr\/hautsdeseine\/wp-json\/wp\/v2\/tags?post=15615"}],"curies":[{"name":"wp","href":"https:\/\/api.w.org\/{rel}","templated":true}]}}