{"id":15723,"date":"2024-05-17T16:22:23","date_gmt":"2024-05-17T14:22:23","guid":{"rendered":"https:\/\/sites.ffkarate.fr\/hautsdeseine\/?p=15723"},"modified":"2024-05-17T16:53:15","modified_gmt":"2024-05-17T14:53:15","slug":"challenge-des-hauts-de-seine-du-fair-play-de-la-mixite-26-05-2024","status":"publish","type":"post","link":"https:\/\/sites.ffkarate.fr\/hautsdeseine\/2024\/05\/17\/challenge-des-hauts-de-seine-du-fair-play-de-la-mixite-26-05-2024\/","title":{"rendered":"Challenge des Hauts-De-Seine du Fair-Play &amp; de la Mixit\u00e9 &#8211; 26.05.2024"},"content":{"rendered":"<div class=\"wpb-content-wrapper\"><p>[vc_row][vc_column][vc_column_text]Le <span style=\"color: #1423a0\"><strong>dimanche 26 mai 2024<\/strong><\/span>, le <span style=\"color: #dc2d5a\"><strong>Challenge des Hauts-de-Seine du fair-play et de la mixit\u00e9<\/strong><\/span> en <span style=\"color: #1423a0\"><strong>Kumit\u00e9<\/strong><\/span> et\/ou en <span style=\"color: #dc2d5a\"><strong>Kata<\/strong><\/span>, ouvert aux participants de toutes les tranches d&rsquo;\u00e2ge, de <span style=\"color: #1423a0\"><strong>poussins<\/strong><\/span> \u00e0 <span style=\"color: #dc2d5a\"><strong>v\u00e9t\u00e9rans<\/strong><\/span>, est organis\u00e9 par le <span style=\"color: #1423a0\"><strong>Comit\u00e9 D\u00e9partemental des Hauts-de-Seine de Karat\u00e9<\/strong><\/span>.<!--more--><\/p>\n<p><span style=\"color: #dc2d5a\"><strong>Conditions de participation :<\/strong><\/span><br \/>\nLe participant doit pr\u00e9senter sur passeport obligatoirement :<\/p>\n<ul>\n<li><span style=\"color: #1423a0\"><strong>2 licences<\/strong><\/span>\u00a0pour les combats et\u00a0<span style=\"color: #1423a0\"><strong>1 licence<\/strong><\/span>\u00a0pour les katas dont celle de l\u2019ann\u00e9e en cours, ou justificatif<\/li>\n<li>Une<strong>\u00a0<span style=\"color: #1423a0\">autorisation parentale<\/span><\/strong>\u00a0(<em>pour les mineurs<\/em>).<\/li>\n<\/ul>\n<p><span style=\"color: #dc2d5a\"><strong>Lieu :<\/strong><\/span><br \/>\nCentre sportif Philippe Cattiau<br \/>\n26 avenue Georges Pompidou<br \/>\n92390 Villeneuve-La-Garenne<\/p>\n<p><span style=\"color: #dc2d5a\"><strong>Inscriptions :<\/strong><\/span><\/p>\n<p>Les clubs inscrivent les \u00e9l\u00e8ves au <span style=\"color: #1423a0\"><strong>Challenge des Hauts-De-Seine<\/strong><\/span> depuis le site internet <strong><a href=\"https:\/\/www.ffkcompetition.fr\/\" target=\"_blank\" rel=\"noopener\">FFKCompetitions<\/a><\/strong><\/p>\n<p><span style=\"color: #dc2d5a\"><strong>Paiement :<\/strong><\/span><\/p>\n<p>Le paiement ne se fait que par la plateforme <span style=\"color: #dc2d5a\"><strong>HelloAsso<\/strong><\/span> en cliquant sur le lien suivant :[\/vc_column_text][vc_pricing_table heading=\u00a0\u00bbChallenge des Hauts-De-Seine du Fair-Play &amp; de la Mixit\u00e9\u00a0\u00bb subheading=\u00a0\u00bbDimanche 26 mai 2024&Prime; currency=\u00a0\u00bb\u20ac\u00a0\u00bb price=\u00a0\u00bb3&Prime; period=\u00a0\u00bbpar comp\u00e9titeur et par \u00e9preuve\u00a0\u00bb markers_color=\u00a0\u00bb#5188f1&Prime; btn_title=\u00a0\u00bbPaiement\u00a0\u00bb btn_style=\u00a0\u00bbmodern\u00a0\u00bb btn_color=\u00a0\u00bbdanger\u00a0\u00bb btn_size=\u00a0\u00bblg\u00a0\u00bb btn_button_block=\u00a0\u00bb\u00a0\u00bb css=\u00a0\u00bb.vc_custom_1715616637869{background-color: #ececec !important;}\u00a0\u00bb btn_link=\u00a0\u00bburl:https%3A%2F%2Fcutt.ly%2FChall_HDS|title:Inscription%20et%20paiement|target:_blank\u00a0\u00bb][\/vc_pricing_table][vc_empty_space height=\u00a0\u00bb22px\u00a0\u00bb][vc_column_text]Inscriptions avant le <span style=\"color: #dc2d5a\"><strong>mercredi 22 mai 2024<\/strong><\/span>.<\/p>\n<p>Les frais d\u2019engagement sont de <span style=\"color: #dc2d5a\"><strong>3\u20ac<\/strong><\/span> <u>par <strong><span style=\"color: #1423a0\">comp\u00e9titeur<\/span><\/strong><\/u> et <u>par <span style=\"color: #dc2d5a\"><strong>\u00e9preuve<\/strong><\/span><\/u>\u00a0(<em>non remboursables<\/em>).<\/p>\n<p><span style=\"color: #dc2d5a\"><strong>Important :<\/strong><\/span><\/p>\n<ul>\n<li>Ne pas oublier <span style=\"color: #1423a0\"><strong>vos protections<\/strong><\/span> pour les combats et <span style=\"color: #dc2d5a\"><strong>vos \u00e9quipements<\/strong><\/span> pour\u00a0les katas.<\/li>\n<li>Ne pas oublier de faire se demande de <span style=\"color: #1423a0\"><strong>carte de coaching<\/strong><\/span> pour la comp\u00e9tition en cliquant\u00a0<span style=\"color: #1423a0\"><strong><a style=\"color: #1423a0\" href=\"https:\/\/sites.ffkarate.fr\/hautsdeseine\/competitions\/coaching\/\" target=\"_blank\" rel=\"noopener\">ICI<\/a>\u00a0<\/strong><\/span>&lt;=<strong>\u00a0<\/strong><em>Cliquez sur ce lien<\/em><\/li>\n<li>La comp\u00e9tition est ouverte <span style=\"color: #1423a0\"><strong>uniquement<\/strong><\/span> aux clubs des Hauts-De-Seine<\/li>\n<\/ul>\n<p>[\/vc_column_text][\/vc_column][\/vc_row]<\/p>\n<\/div>","protected":false},"excerpt":{"rendered":"<p>[vc_row][vc_column][vc_column_text]Le dimanche 26 mai 2024, le Challenge des Hauts-de-Seine du fair-play et de la mixit\u00e9 en Kumit\u00e9 et\/ou en Kata, ouvert aux participants de toutes les tranches d&rsquo;\u00e2ge, de poussins \u00e0 v\u00e9t\u00e9rans, est organis\u00e9 par le Comit\u00e9 D\u00e9partemental des Hauts-de-Seine de Karat\u00e9.<\/p>\n","protected":false},"author":87,"featured_media":15722,"comment_status":"closed","ping_status":"closed","sticky":false,"template":"","format":"standard","meta":{"footnotes":""},"categories":[10],"tags":[77],"class_list":["post-15723","post","type-post","status-publish","format-standard","hentry","category-competitions","tag-competitions"],"_links":{"self":[{"href":"https:\/\/sites.ffkarate.fr\/hautsdeseine\/wp-json\/wp\/v2\/posts\/15723","targetHints":{"allow":["GET"]}}],"collection":[{"href":"https:\/\/sites.ffkarate.fr\/hautsdeseine\/wp-json\/wp\/v2\/posts"}],"about":[{"href":"https:\/\/sites.ffkarate.fr\/hautsdeseine\/wp-json\/wp\/v2\/types\/post"}],"author":[{"embeddable":true,"href":"https:\/\/sites.ffkarate.fr\/hautsdeseine\/wp-json\/wp\/v2\/users\/87"}],"replies":[{"embeddable":true,"href":"https:\/\/sites.ffkarate.fr\/hautsdeseine\/wp-json\/wp\/v2\/comments?post=15723"}],"version-history":[{"count":4,"href":"https:\/\/sites.ffkarate.fr\/hautsdeseine\/wp-json\/wp\/v2\/posts\/15723\/revisions"}],"predecessor-version":[{"id":15894,"href":"https:\/\/sites.ffkarate.fr\/hautsdeseine\/wp-json\/wp\/v2\/posts\/15723\/revisions\/15894"}],"wp:featuredmedia":[{"embeddable":true,"href":"https:\/\/sites.ffkarate.fr\/hautsdeseine\/wp-json\/wp\/v2\/media\/15722"}],"wp:attachment":[{"href":"https:\/\/sites.ffkarate.fr\/hautsdeseine\/wp-json\/wp\/v2\/media?parent=15723"}],"wp:term":[{"taxonomy":"category","embeddable":true,"href":"https:\/\/sites.ffkarate.fr\/hautsdeseine\/wp-json\/wp\/v2\/categories?post=15723"},{"taxonomy":"post_tag","embeddable":true,"href":"https:\/\/sites.ffkarate.fr\/hautsdeseine\/wp-json\/wp\/v2\/tags?post=15723"}],"curies":[{"name":"wp","href":"https:\/\/api.w.org\/{rel}","templated":true}]}}