{"id":15812,"date":"2024-04-30T18:18:47","date_gmt":"2024-04-30T16:18:47","guid":{"rendered":"https:\/\/sites.ffkarate.fr\/hautsdeseine\/?p=15812"},"modified":"2024-04-30T18:19:07","modified_gmt":"2024-04-30T16:19:07","slug":"resultats-open-idf-combat-pup-ben-28-04-2024","status":"publish","type":"post","link":"https:\/\/sites.ffkarate.fr\/hautsdeseine\/2024\/04\/30\/resultats-open-idf-combat-pup-ben-28-04-2024\/","title":{"rendered":"R\u00e9sultats &#8211; Open IDF Combat PUP \/ BEN &#8211; 28.04.2024"},"content":{"rendered":"<div class=\"wpb-content-wrapper\"><p>[vc_row][vc_column][vc_column_text]Le <span style=\"color: #1423a0\"><strong>dimanche 28<\/strong><\/span> <span style=\"color: #1423a0\"><strong>avril 2024<\/strong><\/span> avait lieu l&rsquo;<span style=\"color: #dc2d5a\"><strong>Open IDF Combat<\/strong><span style=\"color: #000000\"> pour les <\/span><span style=\"color: #1423a0\"><strong>pupilles<\/strong><\/span><span style=\"color: #000000\"> et les <\/span><strong>benjamins<\/strong><\/span><span style=\"color: #dc2d5a\"><span style=\"color: #000000\">\u00a0au<\/span><\/span><span style=\"color: #000000\">\u00a0<span style=\"color: #1423a0\"><strong>Grand D\u00f4me <\/strong><span style=\"color: #000000\">de<\/span> <span style=\"color: #dc2d5a\"><strong>Villebon-Sur-Yvette<\/strong><\/span><\/span> (<em>91<\/em>).<\/span><!--more--><\/p>\n<p>Le <span style=\"color: #1423a0\"><strong>CDKarate92<\/strong><\/span> remporte <span style=\"color: #dc2d5a\"><strong>13 m\u00e9dailles<\/strong><\/span> dont <span style=\"color: #1423a0\"><strong>5 m\u00e9dailles d&rsquo;argent<\/strong><\/span> et <strong><span style=\"color: #dc2d5a\">8 m\u00e9dailles de bronze<\/span><\/strong>.<\/p>\n<p><strong>2\u00e8me place :<\/strong><\/p>\n<ul>\n<li><strong>Meryl SCHILTON DIT CHILTON<\/strong> (<em>Levallois SC<\/em>) &#8211; Pupille f\u00e9minine -25 kg<\/li>\n<li><strong>Jeanne TELLIER<\/strong> (<em>Les Voltigeurs de Billancourt<\/em>) &#8211; Pupille f\u00e9minine +40 kg<\/li>\n<li><strong>Tom TIRADO<\/strong> (<em>Les Voltigeurs de Billancourt<\/em>) &#8211; Pupille masculin -30 kg<\/li>\n<li><strong>Elian TELLIER<\/strong> (<em>Les Voltigeurs de Billancourt<\/em>) &#8211; Pupille masculin -35 kg<\/li>\n<li><strong>Alexandre DEMIRDJIAN<\/strong> (<em>Levallois SC<\/em>) &#8211; Benjamin masculin -30 kg<\/li>\n<\/ul>\n<p><strong>3\u00e8me place :<\/strong><\/p>\n<ul>\n<li><strong>Yaelle POLAK<\/strong>\u00a0(<em>Levallois SC<\/em>) &#8211; Pupille f\u00e9minine -25 kg<\/li>\n<li><strong>Marie SAADALLAH<\/strong>\u00a0(<em>Bois-Colombes SK<\/em>) &#8211; Pupille f\u00e9minine -30 kg<\/li>\n<li><strong>Justine LIMA<\/strong>\u00a0(<em>AMG La Garenne-Colombes<\/em>) &#8211; Pupille f\u00e9minine -35 kg<\/li>\n<li><strong>Sophie BOUALLAG<\/strong> (<em>Levallois SC<\/em>) &#8211; Pupille f\u00e9minine -35 kg<\/li>\n<li><strong>Noam SUSSMAN<\/strong> (<em>Levallois SC<\/em>) &#8211; Pupille masculin -30 kg<\/li>\n<li><strong>William COOK<\/strong>\u00a0(<em>KC Colombes<\/em>) &#8211; Pupille masculin -45 kg<\/li>\n<li><strong>Francia JEAN PHILIPPE<\/strong>\u00a0(<em>Les Voltigeurs de Billancourt<\/em>) &#8211; Benjamin f\u00e9minine +50 kg<\/li>\n<li><strong>Amine SLIMANI<\/strong> (<em>Bois-Colombes SK<\/em>) &#8211; Benjamin masculin -35 kg<\/li>\n<\/ul>\n<p>Les podium\u00e9s cit\u00e9s ci-dessus sont qualifi\u00e9s pour la <span style=\"color: #1423a0\"><strong>Coupe de France Benjamins<\/strong><\/span> qui aura lieu le <span style=\"color: #dc2d5a\"><strong>samedi 11<\/strong><\/span> et <span style=\"color: #1423a0\"><strong>dimanche 12 mai 2024<\/strong><\/span> \u00e0 <span style=\"color: #dc2d5a\"><strong>Bourg-De-P\u00e9age<\/strong><\/span> (<em>26<\/em>) et \u00e0 la <span style=\"color: #1423a0\"><strong>Coupe de France Pupilles<\/strong><\/span>\u00a0qui aura lieu le\u00a0<span style=\"color: #dc2d5a\"><strong>samedi 18<\/strong><\/span>\u00a0et le\u00a0<span style=\"color: #1423a0\"><strong>dimanche 19 mai 2024<\/strong><\/span>\u00a0\u00e0\u00a0<span style=\"color: #dc2d5a\"><strong>Lyon<\/strong><\/span>\u00a0(<em>69<\/em>).<\/p>\n<p>Le <span style=\"color: #dc2d5a\"><strong>CDK92<\/strong><\/span> f\u00e9licite les comp\u00e9titeurs et les clubs pour ces tr\u00e8s beaux r\u00e9sultats.[\/vc_column_text][vc_gallery images=\u00a0\u00bb15803,15807,15806&Prime;][\/vc_column][\/vc_row]<\/p>\n<\/div>","protected":false},"excerpt":{"rendered":"<p>[vc_row][vc_column][vc_column_text]Le dimanche 28 avril 2024 avait lieu l&rsquo;Open IDF Combat pour les pupilles et les benjamins\u00a0au\u00a0Grand D\u00f4me de Villebon-Sur-Yvette (91).<\/p>\n","protected":false},"author":87,"featured_media":15804,"comment_status":"closed","ping_status":"closed","sticky":false,"template":"","format":"standard","meta":{"footnotes":""},"categories":[10],"tags":[77],"class_list":["post-15812","post","type-post","status-publish","format-standard","hentry","category-competitions","tag-competitions"],"_links":{"self":[{"href":"https:\/\/sites.ffkarate.fr\/hautsdeseine\/wp-json\/wp\/v2\/posts\/15812","targetHints":{"allow":["GET"]}}],"collection":[{"href":"https:\/\/sites.ffkarate.fr\/hautsdeseine\/wp-json\/wp\/v2\/posts"}],"about":[{"href":"https:\/\/sites.ffkarate.fr\/hautsdeseine\/wp-json\/wp\/v2\/types\/post"}],"author":[{"embeddable":true,"href":"https:\/\/sites.ffkarate.fr\/hautsdeseine\/wp-json\/wp\/v2\/users\/87"}],"replies":[{"embeddable":true,"href":"https:\/\/sites.ffkarate.fr\/hautsdeseine\/wp-json\/wp\/v2\/comments?post=15812"}],"version-history":[{"count":3,"href":"https:\/\/sites.ffkarate.fr\/hautsdeseine\/wp-json\/wp\/v2\/posts\/15812\/revisions"}],"predecessor-version":[{"id":15816,"href":"https:\/\/sites.ffkarate.fr\/hautsdeseine\/wp-json\/wp\/v2\/posts\/15812\/revisions\/15816"}],"wp:featuredmedia":[{"embeddable":true,"href":"https:\/\/sites.ffkarate.fr\/hautsdeseine\/wp-json\/wp\/v2\/media\/15804"}],"wp:attachment":[{"href":"https:\/\/sites.ffkarate.fr\/hautsdeseine\/wp-json\/wp\/v2\/media?parent=15812"}],"wp:term":[{"taxonomy":"category","embeddable":true,"href":"https:\/\/sites.ffkarate.fr\/hautsdeseine\/wp-json\/wp\/v2\/categories?post=15812"},{"taxonomy":"post_tag","embeddable":true,"href":"https:\/\/sites.ffkarate.fr\/hautsdeseine\/wp-json\/wp\/v2\/tags?post=15812"}],"curies":[{"name":"wp","href":"https:\/\/api.w.org\/{rel}","templated":true}]}}