{"id":15841,"date":"2024-05-04T18:10:56","date_gmt":"2024-05-04T16:10:56","guid":{"rendered":"https:\/\/sites.ffkarate.fr\/hautsdeseine\/?p=15841"},"modified":"2024-05-04T18:10:56","modified_gmt":"2024-05-04T16:10:56","slug":"challenge-des-jeunes-du-92-08-06-2024","status":"publish","type":"post","link":"https:\/\/sites.ffkarate.fr\/hautsdeseine\/2024\/05\/04\/challenge-des-jeunes-du-92-08-06-2024\/","title":{"rendered":"Challenge des Jeunes du 92 &#8211; 08.06.2024"},"content":{"rendered":"<div class=\"wpb-content-wrapper\"><p>[vc_row][vc_column][vc_column_text]La section\u00a0<span style=\"color: #1423a0\"><strong>Karat\u00e9 Contact<\/strong><\/span>\u00a0et\u00a0<span style=\"color: #dc2d5a\"><strong>Karat\u00e9 Full Contact<\/strong><\/span>\u00a0du\u00a0<span style=\"color: #1423a0\"><strong>Comit\u00e9 D\u00e9partemental des\u00a0Hauts-de-Seine<\/strong><\/span>\u00a0organise le\u00a0<span style=\"color: #dc2d5a\"><strong>samedi 8 juin 2024<\/strong><\/span>, le <strong><span style=\"color: #1423a0\">Challenge des Jeunes du 92<\/span><\/strong> en <span style=\"color: #dc2d5a\"><strong>Karat\u00e9 Light Contact <\/strong><\/span>de\u00a0<span style=\"color: #1423a0\"><strong>poussins<\/strong><\/span>\u00a0\u00e0\u00a0<span style=\"color: #dc2d5a\"><strong>juniors<\/strong><\/span>.<!--more--><span id=\"more-7614\"><\/span><\/p>\n<p><span style=\"color: #dc2d5a\"><strong>Conditions de participation :<\/strong><\/span><\/p>\n<p>Le participant doit pr\u00e9senter obligatoirement :<\/p>\n<ul>\n<li>Un <span style=\"color: #1423a0\"><strong>justificatif de licence<\/strong><\/span><\/li>\n<li>Une <span style=\"color: #1423a0\"><strong>autorisation parentale<\/strong><\/span> (<em>pour les mineurs<\/em>)<\/li>\n<\/ul>\n<p><strong><span style=\"color: #dc2d5a\">Equipement obligatoire :<\/span><\/strong><\/p>\n<ul>\n<li>Karat\u00e9 gi blanc ou pantalon de Full et tee-shirt<\/li>\n<li>Prot\u00e8ge dents (<em>adapt\u00e9 en cas d\u2019appareil dentaire<\/em>)<\/li>\n<li>Coquille pour les combattants<\/li>\n<li>Prot\u00e8ge poitrine pour les combattantes<\/li>\n<li>Prot\u00e8ges tibias<\/li>\n<li>Gants et prot\u00e8ges pied<\/li>\n<li>Plastrons r\u00e9versibles rouge et bleu<\/li>\n<li>Ceinture rouge et ceinture bleue<\/li>\n<li>Casque rouge et casque bleu<\/li>\n<\/ul>\n<p>Les \u00e9quipements pourront \u00eatre pr\u00e9t\u00e9s par certains clubs le jour de la comp\u00e9tition.<\/p>\n<p><span style=\"color: #dc2d5a\"><strong>Lieu :<\/strong><\/span><br \/>\nGymnase les Meuries<br \/>\n20, rue de Suresnes<br \/>\n92 380 Garches<br \/>\n<span style=\"color: #1423a0\"><strong><a style=\"color: #1423a0\" href=\"https:\/\/goo.gl\/maps\/Xzxf1PJqfNhVboLw7\" target=\"_blank\" rel=\"noopener\">Google Maps<\/a><\/strong><\/span><\/p>\n<p><span style=\"color: #dc2d5a\"><strong>Inscriptions :<\/strong><\/span><br \/>\nLes inscriptions ne se font que par mail et avant le <span style=\"color: #1423a0\"><strong>samedi 1er juin 2024<\/strong><\/span> par <span style=\"color: #dc2d5a\"><strong>mail<\/strong><\/span>\u00a0\u00e0\u00a0<span style=\"color: #1423a0\"><strong><a style=\"color: #1423a0\" href=\"mailto:claire1laroche@wanadoo.fr\" target=\"_blank\" rel=\"noopener\">claire1laroche@wanadoo.fr<\/a><\/strong><\/span><\/p>\n<p>Des frais d\u2019engagement sont demand\u00e9s pour la participation \u00e0 la comp\u00e9tition \u00e0 raison de<span style=\"color: #dc2d5a\"><strong>\u00a0<\/strong><strong>5<\/strong>\u00a0<strong>\u20ac<\/strong><\/span> par comp\u00e9titeur, le r\u00e8glement se fera directement sur place le jour de la comp\u00e9tition.<\/p>\n<p><span style=\"color: #dc2d5a\"><strong>Renseignements :<\/strong><\/span><br \/>\n<strong>Claire LAROCHE<\/strong><br \/>\nMail :\u00a0<span style=\"color: #1423a0\"><strong><a style=\"color: #1423a0\" href=\"mailto:claire1laroche@wanadoo.fr\" target=\"_blank\" rel=\"noopener\">claire1laroche@wanadoo.fr<\/a><\/strong><\/span><br \/>\nT\u00e8l. :\u00a006 82 02 54 34[\/vc_column_text][\/vc_column][\/vc_row]<\/p>\n<\/div>","protected":false},"excerpt":{"rendered":"<p>[vc_row][vc_column][vc_column_text]La section\u00a0Karat\u00e9 Contact\u00a0et\u00a0Karat\u00e9 Full Contact\u00a0du\u00a0Comit\u00e9 D\u00e9partemental des\u00a0Hauts-de-Seine\u00a0organise le\u00a0samedi 8 juin 2024, le Challenge des Jeunes du 92 en Karat\u00e9 Light Contact de\u00a0poussins\u00a0\u00e0\u00a0juniors.<\/p>\n","protected":false},"author":87,"featured_media":15837,"comment_status":"closed","ping_status":"closed","sticky":false,"template":"","format":"standard","meta":{"footnotes":""},"categories":[15],"tags":[77,65],"class_list":["post-15841","post","type-post","status-publish","format-standard","hentry","category-k-contact","tag-competitions","tag-karate-contact"],"_links":{"self":[{"href":"https:\/\/sites.ffkarate.fr\/hautsdeseine\/wp-json\/wp\/v2\/posts\/15841","targetHints":{"allow":["GET"]}}],"collection":[{"href":"https:\/\/sites.ffkarate.fr\/hautsdeseine\/wp-json\/wp\/v2\/posts"}],"about":[{"href":"https:\/\/sites.ffkarate.fr\/hautsdeseine\/wp-json\/wp\/v2\/types\/post"}],"author":[{"embeddable":true,"href":"https:\/\/sites.ffkarate.fr\/hautsdeseine\/wp-json\/wp\/v2\/users\/87"}],"replies":[{"embeddable":true,"href":"https:\/\/sites.ffkarate.fr\/hautsdeseine\/wp-json\/wp\/v2\/comments?post=15841"}],"version-history":[{"count":3,"href":"https:\/\/sites.ffkarate.fr\/hautsdeseine\/wp-json\/wp\/v2\/posts\/15841\/revisions"}],"predecessor-version":[{"id":15850,"href":"https:\/\/sites.ffkarate.fr\/hautsdeseine\/wp-json\/wp\/v2\/posts\/15841\/revisions\/15850"}],"wp:featuredmedia":[{"embeddable":true,"href":"https:\/\/sites.ffkarate.fr\/hautsdeseine\/wp-json\/wp\/v2\/media\/15837"}],"wp:attachment":[{"href":"https:\/\/sites.ffkarate.fr\/hautsdeseine\/wp-json\/wp\/v2\/media?parent=15841"}],"wp:term":[{"taxonomy":"category","embeddable":true,"href":"https:\/\/sites.ffkarate.fr\/hautsdeseine\/wp-json\/wp\/v2\/categories?post=15841"},{"taxonomy":"post_tag","embeddable":true,"href":"https:\/\/sites.ffkarate.fr\/hautsdeseine\/wp-json\/wp\/v2\/tags?post=15841"}],"curies":[{"name":"wp","href":"https:\/\/api.w.org\/{rel}","templated":true}]}}