{"id":15880,"date":"2024-05-09T18:53:29","date_gmt":"2024-05-09T16:53:29","guid":{"rendered":"https:\/\/sites.ffkarate.fr\/hautsdeseine\/?p=15880"},"modified":"2024-05-09T18:53:29","modified_gmt":"2024-05-09T16:53:29","slug":"resultats-championnat-de-france-combat-juniors-04-05-05-2024","status":"publish","type":"post","link":"https:\/\/sites.ffkarate.fr\/hautsdeseine\/2024\/05\/09\/resultats-championnat-de-france-combat-juniors-04-05-05-2024\/","title":{"rendered":"R\u00e9sultats &#8211; Championnat de France combat juniors \u2013 04-05.05.2024"},"content":{"rendered":"<div class=\"wpb-content-wrapper\"><p>[vc_row][vc_column][vc_column_text]Le <span style=\"color: #1423a0\"><strong>samedi 4<\/strong><\/span> et le <span style=\"color: #1423a0\"><strong>dimanche 5 mai <\/strong><\/span><span style=\"color: #1423a0\"><strong>2024<\/strong><\/span> avait lieu le <span style=\"color: #dc2d5a\"><strong style=\"color: #dc2d5a\">Championnat de France combat <\/strong><span style=\"color: #000000\">pour les <span style=\"color: #1423a0\"><strong>juniors<\/strong><\/span><\/span><\/span><span style=\"color: #dc2d5a\"><span style=\"color: #000000\"> en <span style=\"color: #dc2d5a\"><strong>individuel<\/strong><\/span> et par <span style=\"color: #1423a0\"><strong>\u00e9quipe<\/strong><\/span> \u00e0 l&rsquo;<span style=\"color: #dc2d5a\"><strong>Arena B\u00e9thune-Bruay<\/strong><\/span> \u00e0 <span style=\"color: #1423a0\"><strong>Verquin<\/strong><\/span> (<em>62<\/em>)<\/span><\/span><span style=\"color: #000000\">.<\/span><!--more--><\/p>\n<p>Le <span style=\"color: #dc2d5a\"><strong>CDKarate92<\/strong><\/span> remporte <span style=\"color: #1423a0\"><strong>3 m\u00e9dailles<\/strong><\/span>, <span style=\"color: #1423a0\"><span style=\"color: #dc2d5a\"><strong>1 m\u00e9daille d&rsquo;or<\/strong><\/span><strong>, 1 m\u00e9daille d&rsquo;argent<\/strong><span style=\"color: #000000\"> et <\/span><span style=\"color: #dc2d5a\"><strong>1 m\u00e9daille de bronze<\/strong><\/span><span style=\"color: #000000\">.<\/span><\/span><\/p>\n<p><strong>1\u00e8re place :<\/strong><\/p>\n<ul>\n<li><strong>Marissa HAFEZAN, C\u00e9lya RETORI, Alicia IBEGAZENE <\/strong>et\u00a0<strong>Lina MEZIANE<\/strong>\u00a0(<em>CSM Puteaux<\/em>) \u2013 Equipe Kumit\u00e9 f\u00e9minine Junior<\/li>\n<\/ul>\n<p><strong>2\u00e8me place :<\/strong><\/p>\n<ul>\n<li><strong>Lina ABID <\/strong>(<em>SKC Villeneuve-La-Garenne<\/em>) &#8211; Junior f\u00e9minine +66 kg<\/li>\n<\/ul>\n<p><strong>3\u00e8me place :<\/strong><\/p>\n<ul>\n<li><strong>Tessnime MAAZOUZI <\/strong>(<em>SKC Villeneuve-La-Garenne<\/em>) &#8211; Junior f\u00e9minine -53 kg<\/li>\n<\/ul>\n<p>Le <span style=\"color: #1423a0\"><strong>CDK92<\/strong><\/span> f\u00e9licite les comp\u00e9titeurs et leurs clubs pour ces tr\u00e8s beaux r\u00e9sultats.[\/vc_column_text][vc_single_image image=\u00a0\u00bb15876&Prime; title=\u00a0\u00bbPhotos : Gilles DUBOIS &#8211; FFK\u00a0\u00bb][\/vc_column][\/vc_row]<\/p>\n<\/div>","protected":false},"excerpt":{"rendered":"<p>[vc_row][vc_column][vc_column_text]Le samedi 4 et le dimanche 5 mai 2024 avait lieu le Championnat de France combat pour les juniors en individuel et par \u00e9quipe \u00e0 l&rsquo;Arena B\u00e9thune-Bruay \u00e0 Verquin (62).<\/p>\n","protected":false},"author":87,"featured_media":15877,"comment_status":"closed","ping_status":"closed","sticky":false,"template":"","format":"standard","meta":{"footnotes":""},"categories":[10],"tags":[77],"class_list":["post-15880","post","type-post","status-publish","format-standard","hentry","category-competitions","tag-competitions"],"_links":{"self":[{"href":"https:\/\/sites.ffkarate.fr\/hautsdeseine\/wp-json\/wp\/v2\/posts\/15880","targetHints":{"allow":["GET"]}}],"collection":[{"href":"https:\/\/sites.ffkarate.fr\/hautsdeseine\/wp-json\/wp\/v2\/posts"}],"about":[{"href":"https:\/\/sites.ffkarate.fr\/hautsdeseine\/wp-json\/wp\/v2\/types\/post"}],"author":[{"embeddable":true,"href":"https:\/\/sites.ffkarate.fr\/hautsdeseine\/wp-json\/wp\/v2\/users\/87"}],"replies":[{"embeddable":true,"href":"https:\/\/sites.ffkarate.fr\/hautsdeseine\/wp-json\/wp\/v2\/comments?post=15880"}],"version-history":[{"count":2,"href":"https:\/\/sites.ffkarate.fr\/hautsdeseine\/wp-json\/wp\/v2\/posts\/15880\/revisions"}],"predecessor-version":[{"id":15882,"href":"https:\/\/sites.ffkarate.fr\/hautsdeseine\/wp-json\/wp\/v2\/posts\/15880\/revisions\/15882"}],"wp:featuredmedia":[{"embeddable":true,"href":"https:\/\/sites.ffkarate.fr\/hautsdeseine\/wp-json\/wp\/v2\/media\/15877"}],"wp:attachment":[{"href":"https:\/\/sites.ffkarate.fr\/hautsdeseine\/wp-json\/wp\/v2\/media?parent=15880"}],"wp:term":[{"taxonomy":"category","embeddable":true,"href":"https:\/\/sites.ffkarate.fr\/hautsdeseine\/wp-json\/wp\/v2\/categories?post=15880"},{"taxonomy":"post_tag","embeddable":true,"href":"https:\/\/sites.ffkarate.fr\/hautsdeseine\/wp-json\/wp\/v2\/tags?post=15880"}],"curies":[{"name":"wp","href":"https:\/\/api.w.org\/{rel}","templated":true}]}}