{"id":15969,"date":"2024-05-29T19:29:11","date_gmt":"2024-05-29T17:29:11","guid":{"rendered":"https:\/\/sites.ffkarate.fr\/hautsdeseine\/?p=15969"},"modified":"2024-05-29T19:29:11","modified_gmt":"2024-05-29T17:29:11","slug":"resultats-championnat-de-france-combat-kata-veterans-25-26-05-2024","status":"publish","type":"post","link":"https:\/\/sites.ffkarate.fr\/hautsdeseine\/2024\/05\/29\/resultats-championnat-de-france-combat-kata-veterans-25-26-05-2024\/","title":{"rendered":"R\u00e9sultats- Championnat de France combat\/kata v\u00e9t\u00e9rans &#8211; 25-26.05.2024"},"content":{"rendered":"<div class=\"wpb-content-wrapper\"><p>[vc_row][vc_column][vc_column_text]Le <span style=\"color: #1423a0\"><strong>samedi 25 et<\/strong> <strong>dimanche 26 mai 2024<\/strong><\/span>, s&rsquo;est tenu le <span style=\"color: #dc2d5a\"><strong>Championnat de France combat\/kata v\u00e9t\u00e9rans<\/strong>\u00a0<\/span>au <span style=\"color: #1423a0\"><strong>Complexe sportif Les Bosquette<\/strong><span style=\"color: #000000\"> \u00e0 <\/span><strong><span style=\"color: #dc2d5a\">Sainte-Maxime<\/span><\/strong><span style=\"color: #000000\"> (<em>83<\/em>)<\/span><\/span><span style=\"color: #000000\">.<\/span><!--more--><\/p>\n<p>Le <span style=\"color: #1423a0\"><strong>CDKarate92<\/strong><\/span> remporte <span style=\"color: #dc2d5a\"><strong>2 m\u00e9dailles<\/strong><\/span>, <span style=\"color: #1423a0\"><strong>1 m\u00e9daille d&rsquo;or<\/strong><\/span> et <span style=\"color: #dc2d5a\"><strong>1 m\u00e9daille d&rsquo;argent<\/strong><\/span>.<\/p>\n<p><strong>1\u00e8re place :<\/strong><\/p>\n<ul>\n<li><strong>Marguerite AGUIRRE ESPOSITO<\/strong> (<em>SKC Villeneuve-La-Garenne<\/em>) &#8211; V\u00e9t\u00e9ran 3 f\u00e9minine kata<\/li>\n<\/ul>\n<p><strong>2\u00e8me place :<\/strong><\/p>\n<ul>\n<li><strong>Anna ALEXIOU<\/strong> (<em>IGKDF Vanves<\/em>) \u2013 V\u00e9t\u00e9ran 1 f\u00e9minine +68 kg<\/li>\n<\/ul>\n<p>Le <span style=\"color: #1423a0\"><strong>CDK92<\/strong><\/span> adresse ses plus chaleureuses f\u00e9licitations aux comp\u00e9titeurs et \u00e0 leurs clubs pour leurs remarquables performances.<\/p>\n<p><span style=\"color: #000000\"><a href=\"https:\/\/sites.ffkarate.fr\/hautsdeseine\/wp-content\/uploads\/sites\/57\/2024\/05\/20240518-19_CPE_FRANCE_PUP_Resultats_V1.0.pdf\"><span style=\"color: #1423a0\"><strong>R\u00e9sultats du Championnat de France combat\/kata v\u00e9t\u00e9rans (25-26.05.2024)<\/strong><\/span><\/a> &lt;= <em>Cliquez sur le lien<\/em><\/span>[\/vc_column_text][vc_single_image image=\u00a0\u00bb15964&Prime; title=\u00a0\u00bbPhotos : Denis BOULANGER &#8211; FFK\u00a0\u00bb][\/vc_column][\/vc_row]<\/p>\n<\/div>","protected":false},"excerpt":{"rendered":"<p>[vc_row][vc_column][vc_column_text]Le samedi 25 et dimanche 26 mai 2024, s&rsquo;est tenu le Championnat de France combat\/kata v\u00e9t\u00e9rans\u00a0au Complexe sportif Les Bosquette \u00e0 Sainte-Maxime (83).<\/p>\n","protected":false},"author":87,"featured_media":15963,"comment_status":"closed","ping_status":"closed","sticky":false,"template":"","format":"standard","meta":{"footnotes":""},"categories":[10],"tags":[77],"class_list":["post-15969","post","type-post","status-publish","format-standard","hentry","category-competitions","tag-competitions"],"_links":{"self":[{"href":"https:\/\/sites.ffkarate.fr\/hautsdeseine\/wp-json\/wp\/v2\/posts\/15969","targetHints":{"allow":["GET"]}}],"collection":[{"href":"https:\/\/sites.ffkarate.fr\/hautsdeseine\/wp-json\/wp\/v2\/posts"}],"about":[{"href":"https:\/\/sites.ffkarate.fr\/hautsdeseine\/wp-json\/wp\/v2\/types\/post"}],"author":[{"embeddable":true,"href":"https:\/\/sites.ffkarate.fr\/hautsdeseine\/wp-json\/wp\/v2\/users\/87"}],"replies":[{"embeddable":true,"href":"https:\/\/sites.ffkarate.fr\/hautsdeseine\/wp-json\/wp\/v2\/comments?post=15969"}],"version-history":[{"count":2,"href":"https:\/\/sites.ffkarate.fr\/hautsdeseine\/wp-json\/wp\/v2\/posts\/15969\/revisions"}],"predecessor-version":[{"id":15971,"href":"https:\/\/sites.ffkarate.fr\/hautsdeseine\/wp-json\/wp\/v2\/posts\/15969\/revisions\/15971"}],"wp:featuredmedia":[{"embeddable":true,"href":"https:\/\/sites.ffkarate.fr\/hautsdeseine\/wp-json\/wp\/v2\/media\/15963"}],"wp:attachment":[{"href":"https:\/\/sites.ffkarate.fr\/hautsdeseine\/wp-json\/wp\/v2\/media?parent=15969"}],"wp:term":[{"taxonomy":"category","embeddable":true,"href":"https:\/\/sites.ffkarate.fr\/hautsdeseine\/wp-json\/wp\/v2\/categories?post=15969"},{"taxonomy":"post_tag","embeddable":true,"href":"https:\/\/sites.ffkarate.fr\/hautsdeseine\/wp-json\/wp\/v2\/tags?post=15969"}],"curies":[{"name":"wp","href":"https:\/\/api.w.org\/{rel}","templated":true}]}}