{"id":15981,"date":"2024-05-31T16:49:07","date_gmt":"2024-05-31T14:49:07","guid":{"rendered":"https:\/\/sites.ffkarate.fr\/hautsdeseine\/?p=15981"},"modified":"2024-05-31T16:49:07","modified_gmt":"2024-05-31T14:49:07","slug":"photos-challenge-des-hauts-de-seine-26-05-2024","status":"publish","type":"post","link":"https:\/\/sites.ffkarate.fr\/hautsdeseine\/2024\/05\/31\/photos-challenge-des-hauts-de-seine-26-05-2024\/","title":{"rendered":"Photos &#8211; Challenge des Hauts-De-Seine &#8211; 26.05.2024"},"content":{"rendered":"<div class=\"wpb-content-wrapper\"><p>[vc_row][vc_column][vc_column_text]Retour en images sur le <span style=\"color: #1423a0\"><strong>Challenge des Hauts-de-Seine du Fair-Play et de la Mixit\u00e9<\/strong><\/span>, qui s&rsquo;est tenu le <span style=\"color: #dc2d5a\"><strong>dimanche 26 mai 2024<\/strong><\/span> \u00e0 <span style=\"color: #1423a0\"><strong>Villeneuve-La-Garenne<\/strong><\/span>.<!--more--><\/p>\n<p>Cette comp\u00e9tition de karat\u00e9, comprenant des \u00e9preuves de <span style=\"color: #dc2d5a\"><strong>kata<\/strong><\/span> et de <span style=\"color: #1423a0\"><strong>combat<\/strong><\/span>, s&rsquo;est d\u00e9roul\u00e9e sur une journ\u00e9e. Elle a r\u00e9uni <span style=\"color: #dc2d5a\"><strong>34 clubs<\/strong><\/span> et <span style=\"color: #1423a0\"><strong>348 comp\u00e9titeurs<\/strong><\/span>.<\/p>\n<p>F\u00e9licitations aux plus jeunes et aux moins jeunes pour leur participation \u00e0 cette derni\u00e8re comp\u00e9tition de la saison dans le d\u00e9partement.<\/p>\n<p>Nous adressons nos remerciements \u00e0 la ville de <span style=\"color: #dc2d5a\"><strong>Villeneuve-La-Garenne<\/strong><\/span> pour son accueil chaleureux et la mise \u00e0 disposition du gymnase. Merci \u00e9galement au <span style=\"color: #1423a0\"><strong>d\u00e9partement des Hauts-de-Seine<\/strong><\/span> pour son soutien pr\u00e9cieux qui a permis d&rsquo;organiser cet \u00e9v\u00e9nement.<\/p>\n<p>Pour retrouver l&rsquo;int\u00e9gralit\u00e9 des photos de la comp\u00e9tition, visiter le site de notre photographe en cliquant <span style=\"color: #dc2d5a\"><strong><a style=\"color: #dc2d5a\" href=\"https:\/\/stephchilton.picfair.com\/albums\/267035-karate-championat-des-hauts-de-seine-18-05\" target=\"_blank\" rel=\"noopener\">ICI<\/a><\/strong><\/span>.<\/p>\n<p>Nous vous donnons rendez-vous la saison prochaine ![\/vc_column_text][vc_gallery images=\u00a0\u00bb15989,15988,15986,15985,15984&Prime;][\/vc_column][\/vc_row]<\/p>\n<\/div>","protected":false},"excerpt":{"rendered":"<p>[vc_row][vc_column][vc_column_text]Retour en images sur le Challenge des Hauts-de-Seine du Fair-Play et de la Mixit\u00e9, qui s&rsquo;est tenu le dimanche 26 mai 2024 \u00e0 Villeneuve-La-Garenne.<\/p>\n","protected":false},"author":87,"featured_media":15987,"comment_status":"closed","ping_status":"closed","sticky":false,"template":"","format":"standard","meta":{"footnotes":""},"categories":[10],"tags":[77],"class_list":["post-15981","post","type-post","status-publish","format-standard","hentry","category-competitions","tag-competitions"],"_links":{"self":[{"href":"https:\/\/sites.ffkarate.fr\/hautsdeseine\/wp-json\/wp\/v2\/posts\/15981","targetHints":{"allow":["GET"]}}],"collection":[{"href":"https:\/\/sites.ffkarate.fr\/hautsdeseine\/wp-json\/wp\/v2\/posts"}],"about":[{"href":"https:\/\/sites.ffkarate.fr\/hautsdeseine\/wp-json\/wp\/v2\/types\/post"}],"author":[{"embeddable":true,"href":"https:\/\/sites.ffkarate.fr\/hautsdeseine\/wp-json\/wp\/v2\/users\/87"}],"replies":[{"embeddable":true,"href":"https:\/\/sites.ffkarate.fr\/hautsdeseine\/wp-json\/wp\/v2\/comments?post=15981"}],"version-history":[{"count":3,"href":"https:\/\/sites.ffkarate.fr\/hautsdeseine\/wp-json\/wp\/v2\/posts\/15981\/revisions"}],"predecessor-version":[{"id":15990,"href":"https:\/\/sites.ffkarate.fr\/hautsdeseine\/wp-json\/wp\/v2\/posts\/15981\/revisions\/15990"}],"wp:featuredmedia":[{"embeddable":true,"href":"https:\/\/sites.ffkarate.fr\/hautsdeseine\/wp-json\/wp\/v2\/media\/15987"}],"wp:attachment":[{"href":"https:\/\/sites.ffkarate.fr\/hautsdeseine\/wp-json\/wp\/v2\/media?parent=15981"}],"wp:term":[{"taxonomy":"category","embeddable":true,"href":"https:\/\/sites.ffkarate.fr\/hautsdeseine\/wp-json\/wp\/v2\/categories?post=15981"},{"taxonomy":"post_tag","embeddable":true,"href":"https:\/\/sites.ffkarate.fr\/hautsdeseine\/wp-json\/wp\/v2\/tags?post=15981"}],"curies":[{"name":"wp","href":"https:\/\/api.w.org\/{rel}","templated":true}]}}