{"id":15991,"date":"2024-06-01T18:58:06","date_gmt":"2024-06-01T16:58:06","guid":{"rendered":"https:\/\/sites.ffkarate.fr\/hautsdeseine\/?p=15991"},"modified":"2024-06-01T18:58:06","modified_gmt":"2024-06-01T16:58:06","slug":"focus-arbitres-challenge-des-hauts-de-seine-26-05-2024","status":"publish","type":"post","link":"https:\/\/sites.ffkarate.fr\/hautsdeseine\/2024\/06\/01\/focus-arbitres-challenge-des-hauts-de-seine-26-05-2024\/","title":{"rendered":"#Focus &#8211; Arbitres &#8211; Challenge des Hauts-De-Seine &#8211; 26.05.2024"},"content":{"rendered":"<div class=\"wpb-content-wrapper\"><p>[vc_row][vc_column][vc_column_text]\u00c0 l&rsquo;occasion du <span style=\"color: #1423a0\"><strong>Challenge des Hauts-de-Seine du Fair-Play et de la Mixit\u00e9<\/strong><\/span>, qui s&rsquo;est d\u00e9roul\u00e9 le <span style=\"color: #dc2d5a\"><strong>dimanche 26 mai 2024<\/strong><\/span> \u00e0 <span style=\"color: #1423a0\"><strong>Villeneuve-La-Garenne<\/strong><\/span>, le <span style=\"color: #dc2d5a\"><strong>CDK92<\/strong><\/span> souhaite rendre hommage \u00e0 l&rsquo;\u00e9quipe d&rsquo;arbitrage pr\u00e9sente.<!--more--><\/p>\n<p>Un total de <span style=\"color: #1423a0\"><strong>36 arbitres<\/strong><\/span>, issus du <span style=\"color: #dc2d5a\"><strong>d\u00e9partement<\/strong><\/span>, de la <span style=\"color: #1423a0\"><strong>r\u00e9gion<\/strong><\/span> et du <span style=\"color: #dc2d5a\"><strong>niveau national<\/strong><\/span>, ont assur\u00e9 un arbitrage et une organisation de haut niveau tout au long de la journ\u00e9e.<\/p>\n<p>Le <span style=\"color: #1423a0\"><strong>CDKarate92<\/strong><\/span> f\u00e9licite chaleureusement <span style=\"color: #dc2d5a\"><strong>Sybille FRIK<\/strong><\/span>, responsable de la comp\u00e9tition, pour son leadership et sa gestion exemplaire.<\/p>\n<p>Nous adressons \u00e9galement un grand bravo \u00e0 l&rsquo;ensemble des arbitres pour la qualit\u00e9 de leur arbitrage.<\/p>\n<p>Nous savons que le succ\u00e8s d&rsquo;une comp\u00e9tition repose en grande partie sur un arbitrage de qualit\u00e9, et nous avons eu la chance de pouvoir compter sur une \u00e9quipe d&rsquo;excellence pour cette derni\u00e8re comp\u00e9tition de la saison.[\/vc_column_text][vc_gallery images=\u00a0\u00bb15993,15996,15995,15994&Prime; title=\u00a0\u00bbPhotos : St\u00e9phane CHILTON\u00a0\u00bb][\/vc_column][\/vc_row]<\/p>\n<\/div>","protected":false},"excerpt":{"rendered":"<p>[vc_row][vc_column][vc_column_text]\u00c0 l&rsquo;occasion du Challenge des Hauts-de-Seine du Fair-Play et de la Mixit\u00e9, qui s&rsquo;est d\u00e9roul\u00e9 le dimanche 26 mai 2024 \u00e0 Villeneuve-La-Garenne, le CDK92 souhaite rendre hommage \u00e0 l&rsquo;\u00e9quipe d&rsquo;arbitrage pr\u00e9sente.<\/p>\n","protected":false},"author":87,"featured_media":15992,"comment_status":"closed","ping_status":"closed","sticky":false,"template":"","format":"standard","meta":{"footnotes":""},"categories":[8],"tags":[71],"class_list":["post-15991","post","type-post","status-publish","format-standard","hentry","category-arbitrage","tag-arbitrage"],"_links":{"self":[{"href":"https:\/\/sites.ffkarate.fr\/hautsdeseine\/wp-json\/wp\/v2\/posts\/15991","targetHints":{"allow":["GET"]}}],"collection":[{"href":"https:\/\/sites.ffkarate.fr\/hautsdeseine\/wp-json\/wp\/v2\/posts"}],"about":[{"href":"https:\/\/sites.ffkarate.fr\/hautsdeseine\/wp-json\/wp\/v2\/types\/post"}],"author":[{"embeddable":true,"href":"https:\/\/sites.ffkarate.fr\/hautsdeseine\/wp-json\/wp\/v2\/users\/87"}],"replies":[{"embeddable":true,"href":"https:\/\/sites.ffkarate.fr\/hautsdeseine\/wp-json\/wp\/v2\/comments?post=15991"}],"version-history":[{"count":2,"href":"https:\/\/sites.ffkarate.fr\/hautsdeseine\/wp-json\/wp\/v2\/posts\/15991\/revisions"}],"predecessor-version":[{"id":15998,"href":"https:\/\/sites.ffkarate.fr\/hautsdeseine\/wp-json\/wp\/v2\/posts\/15991\/revisions\/15998"}],"wp:featuredmedia":[{"embeddable":true,"href":"https:\/\/sites.ffkarate.fr\/hautsdeseine\/wp-json\/wp\/v2\/media\/15992"}],"wp:attachment":[{"href":"https:\/\/sites.ffkarate.fr\/hautsdeseine\/wp-json\/wp\/v2\/media?parent=15991"}],"wp:term":[{"taxonomy":"category","embeddable":true,"href":"https:\/\/sites.ffkarate.fr\/hautsdeseine\/wp-json\/wp\/v2\/categories?post=15991"},{"taxonomy":"post_tag","embeddable":true,"href":"https:\/\/sites.ffkarate.fr\/hautsdeseine\/wp-json\/wp\/v2\/tags?post=15991"}],"curies":[{"name":"wp","href":"https:\/\/api.w.org\/{rel}","templated":true}]}}