{"id":1602,"date":"2015-12-30T09:09:55","date_gmt":"2015-12-30T08:09:55","guid":{"rendered":"https:\/\/sites.ffkarate.fr\/liguehautsdeseine\/?post_type=news&amp;p=1602"},"modified":"2015-12-30T09:09:55","modified_gmt":"2015-12-30T08:09:55","slug":"resultats-coupe-de-france-zone-nord-jutsu","status":"publish","type":"post","link":"https:\/\/sites.ffkarate.fr\/hautsdeseine\/2015\/12\/30\/resultats-coupe-de-france-zone-nord-jutsu\/","title":{"rendered":"R\u00e9sultats Coupe de France Zone Nord Jutsu"},"content":{"rendered":"<div class=\"wpb-content-wrapper\"><p>[vc_row][vc_column][vc_column_text]Le samedi 5 d\u00e9cembre 2015 avait lieu la coupe de France Zone Nord en Jutsu.<\/p>\n<p><!--more--><\/p>\n<p style=\"text-align: justify\">La ligue des Hauts-De-Seine f\u00e9licitent 3 combattants dont 2 ont termin\u00e9 sur le podium. :<\/p>\n<ul style=\"text-align: justify\">\n<li><span style=\"text-decoration: underline\">S\u00e9nior Masculin &#8211; 70kg<\/span> : <strong>Olivier BILLAUDEAU<\/strong> (<em>Centre Culturel de Courbevoie<\/em>)\u00a0termine <strong>2\u00e8me<\/strong> et <strong>Jean-Michel CAO<\/strong> (<em>Centre Culturel de Courbevoie<\/em>) termine 5\u00e8me.<\/li>\n<li><span style=\"text-decoration: underline\">S\u00e9nior Masculin &#8211; 80kg<\/span> : <strong>Xavier BOIRE<\/strong> (<em>Centre Culturel de Courbevoie<\/em>) termine <strong>2\u00e8me<\/strong>.<\/li>\n<\/ul>\n<p style=\"text-align: justify\">Vous pouvez retrouver tous les r\u00e9sultats de la comp\u00e9tition en cliquant <span style=\"color: #000080\"><strong><a href=\"http:\/\/www.ffkarate.fr\/wp-content\/uploads\/2015\/12\/Cp_Fr_ZNord_KJutsu_2016.pdf\" target=\"_blank\" rel=\"noopener\">ICI<\/a><\/strong><\/span>.<\/p>\n<p style=\"text-align: justify\">N&rsquo;h\u00e9sitez pas \u00e0 envoyer vos photos de podiums et r\u00e9sultats sur le mail de la ligue : <span style=\"color: #000080\"><strong><a style=\"color: #000080\" href=\"mailto:ligue92.ffkarate@gmail.com\">ligue92.ffkarate@gmail.com<\/a><\/strong><\/span>.<\/p>\n<p>[\/vc_column_text][\/vc_column][\/vc_row]<\/p>\n<\/div>","protected":false},"excerpt":{"rendered":"<p>[vc_row][vc_column][vc_column_text]Le samedi 5 d\u00e9cembre 2015 avait lieu la coupe de France Zone Nord en Jutsu.<\/p>\n","protected":false},"author":87,"featured_media":0,"comment_status":"closed","ping_status":"closed","sticky":false,"template":"","format":"standard","meta":{"footnotes":""},"categories":[1],"tags":[],"class_list":["post-1602","post","type-post","status-publish","format-standard","hentry","category-non-classe"],"_links":{"self":[{"href":"https:\/\/sites.ffkarate.fr\/hautsdeseine\/wp-json\/wp\/v2\/posts\/1602","targetHints":{"allow":["GET"]}}],"collection":[{"href":"https:\/\/sites.ffkarate.fr\/hautsdeseine\/wp-json\/wp\/v2\/posts"}],"about":[{"href":"https:\/\/sites.ffkarate.fr\/hautsdeseine\/wp-json\/wp\/v2\/types\/post"}],"author":[{"embeddable":true,"href":"https:\/\/sites.ffkarate.fr\/hautsdeseine\/wp-json\/wp\/v2\/users\/87"}],"replies":[{"embeddable":true,"href":"https:\/\/sites.ffkarate.fr\/hautsdeseine\/wp-json\/wp\/v2\/comments?post=1602"}],"version-history":[{"count":0,"href":"https:\/\/sites.ffkarate.fr\/hautsdeseine\/wp-json\/wp\/v2\/posts\/1602\/revisions"}],"wp:attachment":[{"href":"https:\/\/sites.ffkarate.fr\/hautsdeseine\/wp-json\/wp\/v2\/media?parent=1602"}],"wp:term":[{"taxonomy":"category","embeddable":true,"href":"https:\/\/sites.ffkarate.fr\/hautsdeseine\/wp-json\/wp\/v2\/categories?post=1602"},{"taxonomy":"post_tag","embeddable":true,"href":"https:\/\/sites.ffkarate.fr\/hautsdeseine\/wp-json\/wp\/v2\/tags?post=1602"}],"curies":[{"name":"wp","href":"https:\/\/api.w.org\/{rel}","templated":true}]}}