{"id":16028,"date":"2024-06-11T18:54:12","date_gmt":"2024-06-11T16:54:12","guid":{"rendered":"https:\/\/sites.ffkarate.fr\/hautsdeseine\/?p=16028"},"modified":"2024-06-11T21:15:48","modified_gmt":"2024-06-11T19:15:48","slug":"photos-et-resultats-challenge-des-jeunes-du-92-08-06-2024","status":"publish","type":"post","link":"https:\/\/sites.ffkarate.fr\/hautsdeseine\/2024\/06\/11\/photos-et-resultats-challenge-des-jeunes-du-92-08-06-2024\/","title":{"rendered":"Photos et r\u00e9sultats &#8211; Challenge des Jeunes du 92 &#8211; 08.06.2024"},"content":{"rendered":"<div class=\"wpb-content-wrapper\"><p>[vc_row][vc_column][vc_column_text]Le <span style=\"color: #1423a0\"><strong>Challenge des Jeunes du 92<\/strong><\/span> en <span style=\"color: #dc2d5a\"><strong>Karat\u00e9 Light Contact<\/strong><\/span>, organis\u00e9 par le <span style=\"color: #1423a0\"><strong>CDK92<\/strong><\/span>, s&rsquo;est d\u00e9roul\u00e9 le <span style=\"color: #dc2d5a\"><strong>samedi 8 juin 2024<\/strong><\/span>.<\/p>\n<p><!--more--><\/p>\n<p>Cette comp\u00e9tition, ouverte \u00e0 tous les clubs, visait \u00e0 permettre aux jeunes comp\u00e9titeurs de se rencontrer et de s&rsquo;affronter dans un esprit d&rsquo;\u00e9change et d&rsquo;amiti\u00e9, refl\u00e9tant l&rsquo;importance de l&rsquo;engagement et du respect envers ses adversaires.<\/p>\n<p>L&rsquo;\u00e9v\u00e9nement a r\u00e9uni <span style=\"color: #1423a0\"><strong>70 jeunes comp\u00e9titeurs<\/strong><\/span> provenant de <span style=\"color: #dc2d5a\"><strong>7 clubs diff\u00e9rents<\/strong><\/span> : KBC Garches, Bushido Vaucresson, KBJ Suresnes, Full Contact Koshiki Epinay, Club Dunois Paris 13, AK 78 Saint Germain-en-Laye et Bushido ACK Juziers.<\/p>\n<p>Les comp\u00e9titeurs du <span style=\"color: #1423a0\"><strong>CDK92<\/strong><\/span> ont particuli\u00e8rement brill\u00e9 en remportant un total de <span style=\"color: #dc2d5a\"><strong>36 m\u00e9dailles<\/strong><\/span> dont <span style=\"color: #1423a0\"><strong>12 m\u00e9dailles d&rsquo;or<\/strong><\/span>, <span style=\"color: #dc2d5a\"><strong>12 m\u00e9dailles d&rsquo;argent<\/strong><\/span> et <span style=\"color: #1423a0\"><strong>12 m\u00e9dailles de bronze<\/strong><\/span>.<\/p>\n<p><strong>1\u00e8re place :<\/strong><\/p>\n<ul>\n<li><strong>Joseph CHAMARS-SABLIER<\/strong> (<em>KBC Garches<\/em>) &#8211; Poussin masculin -20kg<\/li>\n<li><strong>L\u00e9o MARTIN<\/strong> (<em>KBJ Suresnes<\/em>) &#8211; Poussin masculin -25kg<\/li>\n<li><strong>In\u00e8s MAUNORY<\/strong> (<em>KBC Garches<\/em>) &#8211; Poussin f\u00e9minine -35kg<\/li>\n<li><strong>Adrien DANG<\/strong> (<em>KBC Garches<\/em>) &#8211; Pupille masculin -20kg<\/li>\n<li><strong>Haley DAVIET<\/strong> (<em>KBC Garches<\/em>) &#8211; Benjamin f\u00e9minine -30kg<\/li>\n<li><strong>Augustin CHARMARD SABLIER<\/strong> (<em>KBC Garches<\/em>) &#8211; Benjamin masculin -30kg<\/li>\n<li><strong>Alice JACQUES<\/strong> (<em>KBC Garches<\/em>) &#8211; Benjamin f\u00e9minine -40kg<\/li>\n<li><strong>Rapha\u00ebl BERGOUGNOUX SANTINI<\/strong> (<em>KBJ Suresnes<\/em>) &#8211; Benjamin masculin -40kg<\/li>\n<li><strong>Lenny ESTAMPE<\/strong> (<em>KBJ Suresnes<\/em>) &#8211; Benjamin masculin -50kg<\/li>\n<li><strong>Hector BOITARD<\/strong> (<em>KBC Garches<\/em>) &#8211; Minime masculin -60kg<\/li>\n<li><strong>Ejjo BINOUMAR<\/strong> (<em>KBC Garches<\/em>) &#8211; Cadet f\u00e9minine -65kg<\/li>\n<li><strong>Louis ISPENIAN<\/strong> (<em>KBC Garches<\/em>) &#8211; Cadet -65kg<\/li>\n<\/ul>\n<p><strong>2\u00e8me place :<\/strong><\/p>\n<ul>\n<li><strong>Elliott FLEURIET<\/strong> (KBC Garches) &#8211; Poussin masculin -20kg<\/li>\n<li><strong>Enzo MELDENER<\/strong> (KBJ Suresnes) &#8211; Poussin masculin-25kg<\/li>\n<li><strong>Hugo COHEN<\/strong> (KBJ Suresnes) &#8211; Poussin masculin-30kg<\/li>\n<li><strong>Matt\u00e9o MINET<\/strong> (Bushido Vaucresson) &#8211; Pupille masculin -25kg<\/li>\n<li><strong>F\u00e9lix STIGLIANO<\/strong> (KBC Garches) &#8211; Pupille masculin -35kg<\/li>\n<li><strong>Th\u00e9odore COHEN<\/strong> (KBJ Suresnes) &#8211; Benjamin masculin -35kg<\/li>\n<li><strong>Enora MARTINON<\/strong> (KBJ Suresnes) &#8211; Benjamin f\u00e9minine -45kg<\/li>\n<li><strong>Anis BINOUMAR<\/strong> (KBC Garches) &#8211; Benjamin masculin -55kg<\/li>\n<li><strong>Andr\u00e9a BOUTRY<\/strong> (KBC Garches) &#8211; Minime masculin -40kg<\/li>\n<li><strong>Clara ZAKINE<\/strong> (KBJ Suresnes) &#8211; Cadet f\u00e9minine -55kg<\/li>\n<li><strong>Frantzley SAINT-JEAN<\/strong> (KBC Garches) &#8211; Cadet masculin -65kg<\/li>\n<li><strong>Jules FABRES<\/strong> (KBJ Suresnes) &#8211; Junior masculin -75kg<\/li>\n<\/ul>\n<p><strong>3\u00e8me place :<\/strong><\/p>\n<ul>\n<li><strong>Marcus GASPARINI<\/strong> (<em>KBJ Suresnes<\/em>) &#8211; Poussin masculin-20kg<\/li>\n<li><strong>Enzo LOUREIRO<\/strong> (<em>KBC Garches<\/em>) &#8211; Poussin masculin -30kg<\/li>\n<li><strong>Eric MARTINON<\/strong> (<em>KBJ Suresnes<\/em>) &#8211; Poussin masculin-30kg<\/li>\n<li><strong>Suzanne QUEAU-PICARD<\/strong> (<em>KBJ Suresnes<\/em>) &#8211; Pupille f\u00e9minne -35kg<\/li>\n<li><strong>Mac\u00e9o MARCHAL<\/strong>\u00a0(<em>KBC Garches<\/em>) &#8211; Benjamin masculin -30kg<\/li>\n<li><strong>Guillaume BINET<\/strong> (<em>Bushido Vaucresson<\/em>) &#8211; Benjamin masculin -35kg<\/li>\n<li><strong>Soufiane MOHAMED AHMED<\/strong> (<em>Bushido Vaucresson<\/em>) &#8211; Benjamin masculin -35kg<\/li>\n<li><strong>Dawoud MOHAMED<\/strong> (<em>Bushido Vaucresson<\/em>) &#8211; Benjamin masculin -40kg<\/li>\n<li><strong>Zouari SACHA<\/strong> (<em>KBC Garches<\/em>) &#8211; Benjamin masculin -40kg<\/li>\n<li><strong>Victor ZAKINE<\/strong> (<em>KBJ Suresnes<\/em>) &#8211; Minime masculin -60kg<\/li>\n<li><strong>Solat BERGOGNOUX SANTINI<\/strong>\u00a0(<em>KBJ Suresnes<\/em>) &#8211; Minime masculin -60kg<\/li>\n<li><strong>Noah ENNAULT<\/strong> (<em>KBC Garches<\/em>) &#8211; Cadet masculin -75kg<\/li>\n<\/ul>\n<p>Nous remercions sinc\u00e8rement les coachs et professeurs pour leur engagement essentiel aupr\u00e8s des jeunes combattants, leur enseignant \u00e0 tirer des le\u00e7ons tant des victoires que des d\u00e9faites. Un grand merci aux encadrants, dont quatre sont ou ont \u00e9t\u00e9 des champions de France et\/ou internationaux : <span style=\"color: #dc2d5a\"><strong>Laurent FRIES<\/strong><\/span>\u00a0(<em>FKC<\/em>), <span style=\"color: #1423a0\"><strong>Paul CARBONNIER<\/strong><\/span> et <span style=\"color: #dc2d5a\"><strong>Paul JACQUES<\/strong><\/span> (<em>KBC Garches<\/em>), ainsi que <span style=\"color: #1423a0\"><strong>Gr\u00e9goire ALLES<\/strong><\/span> (<em>KBJ Suresnes<\/em>), qui a arbitr\u00e9 les combats avec une grande p\u00e9dagogie.<\/p>\n<p>Merci \u00e9galement aux responsables du Karat\u00e9 Contact et Full Contact, <span style=\"color: #dc2d5a\"><strong>Francis PLANA<\/strong><\/span> et <span style=\"color: #1423a0\"><strong>Jean CARBONNIER<\/strong><\/span>, ainsi qu&rsquo;\u00e0 la ville de <span style=\"color: #dc2d5a\"><strong>Garches<\/strong> <\/span>pour son accueil chaleureux, aux familles des comp\u00e9titeurs et surtout, bravo \u00e0 tous les jeunes participants !<\/p>\n<p>Un beau combat se ma\u00eetrise avec technique, d\u00e9placement, rapidit\u00e9, pr\u00e9cision, mental et valeurs martiales. La vie est un combat o\u00f9 il faut savoir tomber pour mieux se relever, et apprendre de chaque exp\u00e9rience et rencontre, qu&rsquo;elle soit couronn\u00e9e de succ\u00e8s ou marqu\u00e9e par l&rsquo;adversit\u00e9.<\/p>\n<p>Bravo \u00e0 tous et \u00e0 bient\u00f4t pour de nouveaux d\u00e9fis ![\/vc_column_text][vc_gallery images=\u00a0\u00bb16035,16036,16034,16033,16031&Prime; title=\u00a0\u00bbPhotos : Claire LAROCHE\u00a0\u00bb][\/vc_column][\/vc_row]<\/p>\n<\/div>","protected":false},"excerpt":{"rendered":"<p>[vc_row][vc_column][vc_column_text]Le Challenge des Jeunes du 92 en Karat\u00e9 Light Contact, organis\u00e9 par le CDK92, s&rsquo;est d\u00e9roul\u00e9 le samedi 8 juin 2024.<\/p>\n","protected":false},"author":87,"featured_media":16032,"comment_status":"closed","ping_status":"closed","sticky":false,"template":"","format":"standard","meta":{"footnotes":""},"categories":[15],"tags":[65],"class_list":["post-16028","post","type-post","status-publish","format-standard","hentry","category-k-contact","tag-karate-contact"],"_links":{"self":[{"href":"https:\/\/sites.ffkarate.fr\/hautsdeseine\/wp-json\/wp\/v2\/posts\/16028","targetHints":{"allow":["GET"]}}],"collection":[{"href":"https:\/\/sites.ffkarate.fr\/hautsdeseine\/wp-json\/wp\/v2\/posts"}],"about":[{"href":"https:\/\/sites.ffkarate.fr\/hautsdeseine\/wp-json\/wp\/v2\/types\/post"}],"author":[{"embeddable":true,"href":"https:\/\/sites.ffkarate.fr\/hautsdeseine\/wp-json\/wp\/v2\/users\/87"}],"replies":[{"embeddable":true,"href":"https:\/\/sites.ffkarate.fr\/hautsdeseine\/wp-json\/wp\/v2\/comments?post=16028"}],"version-history":[{"count":3,"href":"https:\/\/sites.ffkarate.fr\/hautsdeseine\/wp-json\/wp\/v2\/posts\/16028\/revisions"}],"predecessor-version":[{"id":16037,"href":"https:\/\/sites.ffkarate.fr\/hautsdeseine\/wp-json\/wp\/v2\/posts\/16028\/revisions\/16037"}],"wp:featuredmedia":[{"embeddable":true,"href":"https:\/\/sites.ffkarate.fr\/hautsdeseine\/wp-json\/wp\/v2\/media\/16032"}],"wp:attachment":[{"href":"https:\/\/sites.ffkarate.fr\/hautsdeseine\/wp-json\/wp\/v2\/media?parent=16028"}],"wp:term":[{"taxonomy":"category","embeddable":true,"href":"https:\/\/sites.ffkarate.fr\/hautsdeseine\/wp-json\/wp\/v2\/categories?post=16028"},{"taxonomy":"post_tag","embeddable":true,"href":"https:\/\/sites.ffkarate.fr\/hautsdeseine\/wp-json\/wp\/v2\/tags?post=16028"}],"curies":[{"name":"wp","href":"https:\/\/api.w.org\/{rel}","templated":true}]}}