{"id":16498,"date":"2024-11-18T18:07:50","date_gmt":"2024-11-18T17:07:50","guid":{"rendered":"https:\/\/sites.ffkarate.fr\/hautsdeseine\/?p=16498"},"modified":"2024-11-18T18:07:50","modified_gmt":"2024-11-18T17:07:50","slug":"challenge-feminin-de-tai-jitsu-01-12-2024","status":"publish","type":"post","link":"https:\/\/sites.ffkarate.fr\/hautsdeseine\/2024\/11\/18\/challenge-feminin-de-tai-jitsu-01-12-2024\/","title":{"rendered":"Challenge f\u00e9minin de Ta\u00ef Jitsu &#8211; 01.12.2024"},"content":{"rendered":"<div class=\"wpb-content-wrapper\"><p>[vc_row][vc_column][vc_column_text]Le <span style=\"color: #1423a0\"><strong>dimanche 1er d\u00e9cembre 2024<\/strong><\/span> est organis\u00e9 le <span style=\"color: #dc2d5a\"><strong>Challenge F\u00e9minin de Ta\u00ef Jitsu<\/strong><\/span> tous styles \u00e0 partir de <span style=\"color: #dc2d5a\"><strong>9h00<\/strong><\/span> \u00e0 <span style=\"color: #1423a0\"><strong>Clamart<\/strong><\/span> (92).<!--more--><\/p>\n<p>Retrouvez toutes les informations et r\u00e8glement en cliquant sur le lien suivant :\u00a0<span style=\"color: #dc2d5a\"><strong><a style=\"color: #dc2d5a\" href=\"https:\/\/www.afdama.com\/inscriptions\" target=\"_blank\" rel=\"noopener\">https:\/\/www.afdama.com\/inscriptions<\/a><\/strong><\/span><\/p>\n<p><span style=\"color: #dc2d5a\"><strong>Adresse :<\/strong><\/span><br \/>\nComplexe sportif du petit Clamart<br \/>\n56 rue de la Bourcilli\u00e8re<br \/>\n92 140 Clamart<\/p>\n<p><span style=\"color: #dc2d5a\"><strong>Renseignements :<\/strong><\/span><br \/>\n<strong>Guy LECAPLAIN<\/strong><br \/>\n<span style=\"color: #000000\">T\u00e9l. : 06 80 07 35 15<\/span><br \/>\n<span style=\"color: #000000\">M\u00e9l. : <span style=\"color: #1423a0\"><strong><a style=\"color: #1423a0\" href=\"mailto:guy.lecaplain@laposte.net\">guy.lecaplain@laposte.net<\/a><\/strong><\/span><\/span>[\/vc_column_text][\/vc_column][\/vc_row]<\/p>\n<\/div>","protected":false},"excerpt":{"rendered":"<p>[vc_row][vc_column][vc_column_text]Le dimanche 1er d\u00e9cembre 2024 est organis\u00e9 le Challenge F\u00e9minin de Ta\u00ef Jitsu tous styles \u00e0 partir de 9h00 \u00e0 Clamart (92).<\/p>\n","protected":false},"author":87,"featured_media":16499,"comment_status":"closed","ping_status":"closed","sticky":false,"template":"","format":"standard","meta":{"footnotes":""},"categories":[10],"tags":[77],"class_list":["post-16498","post","type-post","status-publish","format-standard","hentry","category-competitions","tag-competitions"],"_links":{"self":[{"href":"https:\/\/sites.ffkarate.fr\/hautsdeseine\/wp-json\/wp\/v2\/posts\/16498","targetHints":{"allow":["GET"]}}],"collection":[{"href":"https:\/\/sites.ffkarate.fr\/hautsdeseine\/wp-json\/wp\/v2\/posts"}],"about":[{"href":"https:\/\/sites.ffkarate.fr\/hautsdeseine\/wp-json\/wp\/v2\/types\/post"}],"author":[{"embeddable":true,"href":"https:\/\/sites.ffkarate.fr\/hautsdeseine\/wp-json\/wp\/v2\/users\/87"}],"replies":[{"embeddable":true,"href":"https:\/\/sites.ffkarate.fr\/hautsdeseine\/wp-json\/wp\/v2\/comments?post=16498"}],"version-history":[{"count":1,"href":"https:\/\/sites.ffkarate.fr\/hautsdeseine\/wp-json\/wp\/v2\/posts\/16498\/revisions"}],"predecessor-version":[{"id":16501,"href":"https:\/\/sites.ffkarate.fr\/hautsdeseine\/wp-json\/wp\/v2\/posts\/16498\/revisions\/16501"}],"wp:featuredmedia":[{"embeddable":true,"href":"https:\/\/sites.ffkarate.fr\/hautsdeseine\/wp-json\/wp\/v2\/media\/16499"}],"wp:attachment":[{"href":"https:\/\/sites.ffkarate.fr\/hautsdeseine\/wp-json\/wp\/v2\/media?parent=16498"}],"wp:term":[{"taxonomy":"category","embeddable":true,"href":"https:\/\/sites.ffkarate.fr\/hautsdeseine\/wp-json\/wp\/v2\/categories?post=16498"},{"taxonomy":"post_tag","embeddable":true,"href":"https:\/\/sites.ffkarate.fr\/hautsdeseine\/wp-json\/wp\/v2\/tags?post=16498"}],"curies":[{"name":"wp","href":"https:\/\/api.w.org\/{rel}","templated":true}]}}