{"id":16518,"date":"2024-12-04T16:08:06","date_gmt":"2024-12-04T15:08:06","guid":{"rendered":"https:\/\/sites.ffkarate.fr\/hautsdeseine\/?p=16518"},"modified":"2024-12-04T18:12:50","modified_gmt":"2024-12-04T17:12:50","slug":"competition-coupe-et-championnat-departementaux-07-08-12-2024","status":"publish","type":"post","link":"https:\/\/sites.ffkarate.fr\/hautsdeseine\/2024\/12\/04\/competition-coupe-et-championnat-departementaux-07-08-12-2024\/","title":{"rendered":"Comp\u00e9tition &#8211; Coupe et championnat d\u00e9partementaux &#8211; 07-08.12.2024"},"content":{"rendered":"<div class=\"wpb-content-wrapper\"><p>[vc_row][vc_column][vc_column_text]Le <span style=\"color: #1423a0\"><strong>CDKarate92<\/strong><\/span> organise la <span style=\"color: #dc2d5a\"><strong>Coupe D\u00e9partementale<\/strong><span style=\"color: #000000\"> pour les <span style=\"color: #1423a0\"><strong>poussins \u00e0 benjamins<\/strong><\/span> et le <\/span><strong>Championnat d\u00e9partemental<\/strong><span style=\"color: #000000\"> de <\/span><span style=\"color: #1423a0\"><strong>minimes \u00e0 s\u00e9niors <\/strong><\/span><\/span><span style=\"color: #dc2d5a\"><span style=\"color: #000000\">en <span style=\"color: #dc2d5a\"><strong>Kata<\/strong><\/span> et <\/span><strong><span style=\"color: #1423a0\">Kumit\u00e9<\/span><\/strong><span style=\"color: #000000\">.<\/span><\/span><!--more-->[\/vc_column_text][vc_column_text]<span style=\"color: #dc2d5a\"><strong>Pr\u00e9cisions importante :<\/strong><\/span><\/p>\n<ul>\n<li><strong>Pour une double inscription en cas de surclassement, il faut d\u2019abord enregistrer le comp\u00e9titeur dans la cat\u00e9gorie surclass\u00e9e, valider et payer, puis l\u2019inscrire dans sa cat\u00e9gorie d\u2019origine, valider et payer \u00e0 nouveau.<\/strong><\/li>\n<li><strong>\u00c0 noter que depuis cette saison, l\u2019inscription sur place n\u2019est plus possible, car le logiciel n\u2019a plus acc\u00e8s \u00e0 la base de donn\u00e9es en ligne. Tout comp\u00e9titeur non inscrit \u00e0 l\u2019avance ne pourra donc pas s&rsquo;inscrire le jour de la comp\u00e9tition.<\/strong><\/li>\n<\/ul>\n<p>[\/vc_column_text][vc_column_text]<\/p>\n<hr \/>\n<p>[\/vc_column_text][vc_column_text]<span style=\"color: #dc2d5a\"><strong>Coupe D\u00e9partementale Pupilles et Benjamins Kumit\u00e9 et Kata (<em>avec rep\u00eachage<\/em>) &#8211; Samedi 7 d\u00e9cembre 2024 :<\/strong><\/span><\/p>\n<ul>\n<li>Les <span style=\"color: #dc2d5a\"><strong>clubs<\/strong><\/span> inscrivent les comp\u00e9titeurs \u00e0 la <span style=\"color: #1423a0\"><strong>Coupe D\u00e9partementale<\/strong><\/span>\u00a0depuis le site internet\u00a0<span style=\"color: #1423a0\"><strong><a style=\"color: #1423a0\" href=\"https:\/\/www.ffkcompetition.fr\/\" target=\"_blank\" rel=\"noopener\">FFKCompetitions<\/a><\/strong><\/span><\/li>\n<li>Tous les comp\u00e9titeurs participants sont qualifi\u00e9s \u00e0 la <span style=\"color: #1423a0\"><strong>Coupe IDF Combat<\/strong><\/span>\u00a0qui aura lieu le <span style=\"color: #1423a0\"><strong><span style=\"color: #dc2d5a\">samedi 21 et dimanche 22 d\u00e9cembre 2024<\/span><\/strong><span style=\"color: #000000\"> et \u00e0 la<\/span> <strong>Coupe IDF Kata<\/strong><span style=\"color: #000000\"> qui aura lieu le <\/span><span style=\"color: #dc2d5a\"><strong>samedi 18 janvier 2025<\/strong><\/span><\/span><\/li>\n<\/ul>\n<p><strong style=\"color: #dc2d5a\">Coupe D\u00e9partementale Poussins Kumit\u00e9 <span style=\"color: #dc2d5a\"><strong>et Kata <\/strong><\/span>(<em>sans rep\u00eachage<\/em>)<span style=\"color: #dc2d5a\"><strong> &#8211; Samedi 7 d\u00e9cembre 2024 :<\/strong><\/span><\/strong><\/p>\n<ul>\n<li>Les <span style=\"color: #dc2d5a\"><strong>clubs<\/strong><\/span> inscrivent les comp\u00e9titeurs \u00e0 la <span style=\"color: #1423a0\"><strong>Coupe D\u00e9partementale<\/strong><\/span>\u00a0depuis le site internet\u00a0<span style=\"color: #1423a0\"><strong><a style=\"color: #1423a0\" href=\"https:\/\/www.ffkcompetition.fr\/\" target=\"_blank\" rel=\"noopener\">FFKCompetitions<\/a><\/strong><\/span><\/li>\n<\/ul>\n<p>[\/vc_column_text][vc_column_text]<\/p>\n<p style=\"text-align: center\">&#8212;&#8212;&#8212;&#8212;&#8212;-<\/p>\n<p>[\/vc_column_text][vc_column_text]<span style=\"color: #1423a0\"><strong>Championnat d\u00e9partemental Kata individuels (<em>avec rep\u00eachage<\/em>) &#8211; Dimanche 8 d\u00e9cembre 2024 :<\/strong><\/span><\/p>\n<ul>\n<li>Les clubs inscrivent les \u00e9l\u00e8ves au <span style=\"color: #dc2d5a\"><strong>Championnat d\u00e9partemental Kata<\/strong><\/span>\u00a0depuis le site internet :\u00a0<span style=\"color: #1423a0\"><strong><a style=\"color: #1423a0\" href=\"http:\/\/www.ffkcompetition.fr\/\" target=\"_blank\" rel=\"noopener\">http:\/\/www.ffkcompetition.fr\/<\/a><\/strong><\/span><\/li>\n<li>Sur-classement dans <span style=\"color: #dc2d5a\"><strong>une cat\u00e9gorie d\u2019\u00e2ge<\/strong><\/span> possible (<em>cat\u00e9gorie correspondante \u00e0 l\u2019\u00e2ge de l\u2019athl\u00e8te et la cat\u00e9gorie d\u2019\u00e2ge sup\u00e9rieur<\/em>).<\/li>\n<li><span style=\"color: #dc2d5a\"><strong>Tous les participants<\/strong><\/span> sont directement qualifi\u00e9s pour le championnat de la ligue r\u00e9gionale d\u2019Ile-De-France qui aura lieu le <strong><span style=\"color: #1423a0\">dimanche 19 janvier 2025<\/span><\/strong><\/li>\n<\/ul>\n<p><span style=\"color: #1423a0\"><strong>Championnat d\u00e9partemental Kumite individuels (<em>avec rep\u00eachage<\/em>) &#8211; Dimanche 8 d\u00e9cembre 2024 :<\/strong><\/span><\/p>\n<ul>\n<li>Les clubs inscrivent les \u00e9l\u00e8ves au <span style=\"color: #dc2d5a\"><strong>Championnat d\u00e9partemental Kumite<\/strong><\/span>\u00a0depuis le site internet :\u00a0<span style=\"color: #1423a0\"><strong><a style=\"color: #1423a0\" href=\"http:\/\/www.ffkcompetition.fr\/\" target=\"_blank\" rel=\"noopener\">http:\/\/www.ffkcompetition.fr\/<\/a><\/strong><\/span><\/li>\n<li>Sur-classement dans <span style=\"color: #dc2d5a\"><strong>une cat\u00e9gorie d\u2019\u00e2ge <\/strong><\/span>possible (<em>cat\u00e9gorie correspondante \u00e0 l\u2019\u00e2ge de l\u2019athl\u00e8te et la cat\u00e9gorie d\u2019\u00e2ge sup\u00e9rieur<\/em>)<\/li>\n<li>La cat\u00e9gorie des <span style=\"color: #dc2d5a\"><strong>s\u00e9niors<\/strong><\/span> regroupe la cat\u00e9gorie des espoirs<\/li>\n<li><span style=\"color: #dc2d5a\"><strong>Tous les participants<\/strong><\/span> sont directement qualifi\u00e9s pour le championnat de la ligue r\u00e9gionale d\u2019Ile-De-France qui aura lieu le <strong><span style=\"color: #1423a0\">samedi 7 et dimanche 8 f\u00e9vrier 2025<\/span><\/strong><\/li>\n<\/ul>\n<p>[\/vc_column_text][vc_column_text]<\/p>\n<p style=\"text-align: center\">&#8212;&#8212;&#8212;&#8212;&#8212;-<\/p>\n<p>[\/vc_column_text][vc_column_text]<span style=\"color: #dc2d5a\"><strong>Conditions de participation :<\/strong><\/span><\/p>\n<p>Le participant doit pr\u00e9senter sur\u00a0passeport\u00a0<span style=\"text-decoration: underline\">obligatoirement<\/span>\u00a0:<\/p>\n<ul>\n<li><span style=\"color: #1423a0\"><strong>2 licences<\/strong><\/span>\u00a0<span style=\"text-decoration: underline\">dont<\/span>\u00a0celle de l\u2019ann\u00e9e en cours, ou justificatif et\u00a0\u00eatre\u00a0<span style=\"color: #1423a0\"><strong>licenci\u00e9<\/strong><\/span>\u00a0de la f\u00e9d\u00e9ration au minimum\u00a0<span style=\"color: #1423a0\"><strong>3 jours<\/strong><\/span>\u00a0avant la date limite d\u2019inscription \u00e0 la comp\u00e9tition.<\/li>\n<li>Une\u00a0<span style=\"color: #1423a0\"><strong>autorisation parentale<\/strong><\/span>\u00a0(<em>pour les mineurs<\/em>)<\/li>\n<li><span style=\"color: #1423a0\"><strong>Carte d&rsquo;identit\u00e9<\/strong><\/span>\u00a0<span style=\"text-decoration: underline\">obligatoire<\/span>\u00a0pour le championnat<\/li>\n<\/ul>\n<p>[\/vc_column_text][vc_column_text]<span style=\"color: #dc2d5a\"><strong>Inscriptions :<\/strong><\/span><\/p>\n<p>La date limite pour r\u00e9aliser les inscriptions en ligne est le\u00a0<span style=\"color: #1423a0\"><strong>jeudi 5 d\u00e9cembre 2024<\/strong><span style=\"color: #000000\">\u00a0\u00e0 <\/span><strong>minuit<\/strong><\/span>. Toute inscription arrivant apr\u00e8s cette date sera refus\u00e9e.<\/p>\n<p>Des frais d\u2019engagement sont demand\u00e9s pour la participation \u00e0 la comp\u00e9tition :<\/p>\n<ul>\n<li><span style=\"color: #1423a0\"><strong>6 \u20ac<\/strong><\/span> par comp\u00e9titeur pour et par \u00e9preuve<\/li>\n<\/ul>\n<p><span style=\"color: #dc2d5a\"><strong>R\u00e8glements :<\/strong><\/span><\/p>\n<p>Le r\u00e8glement se fait directement sur le site <span style=\"color: #dc2d5a\"><strong>FFKCompetition<\/strong><\/span> \u00e0 la fin des inscriptions.[\/vc_column_text][vc_column_text]<span style=\"color: #dc2d5a\"><strong>Important :<\/strong><\/span><\/p>\n<ul>\n<li>Ne pas oublier <span style=\"color: #1423a0\"><strong>vos protections<\/strong><\/span> pour les combats et <span style=\"color: #dc2d5a\"><strong>vos \u00e9quipements<\/strong><\/span> pour\u00a0les katas.<\/li>\n<li>Ne pas oublier de faire se demande de <span style=\"color: #1423a0\"><strong>carte de coaching<\/strong><\/span> pour la comp\u00e9tition en cliquant\u00a0<span style=\"color: #1423a0\"><strong><a style=\"color: #1423a0\" href=\"https:\/\/sites.ffkarate.fr\/hautsdeseine\/competitions\/coaching\/\" target=\"_blank\" rel=\"noopener\">ICI<\/a>\u00a0<\/strong><\/span>&lt;=<strong>\u00a0<\/strong><em>Cliquez sur ce lien<\/em><\/li>\n<li>La comp\u00e9tition est ouverte <span style=\"color: #1423a0\"><strong>uniquement<\/strong><\/span> aux clubs des Hauts-De-Seine.<\/li>\n<\/ul>\n<p>[\/vc_column_text][vc_column_text]<span style=\"color: #dc2d5a\"><strong>Contact :<\/strong><\/span><br \/>\n<b>Secr\u00e9tariat du CDK92<\/b><br \/>\nMail : <span style=\"color: #1423a0\"><strong><a style=\"color: #1423a0\" href=\"mailto:cd92.ffkarate@gmail.com\">cd92.ffkarate@gmail.com<\/a><\/strong><\/span>[\/vc_column_text][vc_column_text]<span style=\"color: #dc2d5a\"><strong>Lieu :<\/strong><\/span><br \/>\nCentre Sportif Philippe Cattiau<br \/>\n26 avenue Georges Pompidou<br \/>\n92 390 Villeneuve-La-Garenne<br \/>\n<strong><span style=\"color: #1423a0\"><a style=\"color: #1423a0\" href=\"https:\/\/goo.gl\/maps\/FzDtYFfeeeusJ62h8\" target=\"_blank\" rel=\"noopener\">Google Maps<\/a><\/span><\/strong>[\/vc_column_text][\/vc_column][\/vc_row]<\/p>\n<\/div>","protected":false},"excerpt":{"rendered":"<p>[vc_row][vc_column][vc_column_text]Le CDKarate92 organise la Coupe D\u00e9partementale pour les poussins \u00e0 benjamins et le Championnat d\u00e9partemental de minimes \u00e0 s\u00e9niors en Kata et Kumit\u00e9.<\/p>\n","protected":false},"author":87,"featured_media":16521,"comment_status":"closed","ping_status":"closed","sticky":false,"template":"","format":"standard","meta":{"footnotes":""},"categories":[10],"tags":[77],"class_list":["post-16518","post","type-post","status-publish","format-standard","hentry","category-competitions","tag-competitions"],"_links":{"self":[{"href":"https:\/\/sites.ffkarate.fr\/hautsdeseine\/wp-json\/wp\/v2\/posts\/16518","targetHints":{"allow":["GET"]}}],"collection":[{"href":"https:\/\/sites.ffkarate.fr\/hautsdeseine\/wp-json\/wp\/v2\/posts"}],"about":[{"href":"https:\/\/sites.ffkarate.fr\/hautsdeseine\/wp-json\/wp\/v2\/types\/post"}],"author":[{"embeddable":true,"href":"https:\/\/sites.ffkarate.fr\/hautsdeseine\/wp-json\/wp\/v2\/users\/87"}],"replies":[{"embeddable":true,"href":"https:\/\/sites.ffkarate.fr\/hautsdeseine\/wp-json\/wp\/v2\/comments?post=16518"}],"version-history":[{"count":9,"href":"https:\/\/sites.ffkarate.fr\/hautsdeseine\/wp-json\/wp\/v2\/posts\/16518\/revisions"}],"predecessor-version":[{"id":16531,"href":"https:\/\/sites.ffkarate.fr\/hautsdeseine\/wp-json\/wp\/v2\/posts\/16518\/revisions\/16531"}],"wp:featuredmedia":[{"embeddable":true,"href":"https:\/\/sites.ffkarate.fr\/hautsdeseine\/wp-json\/wp\/v2\/media\/16521"}],"wp:attachment":[{"href":"https:\/\/sites.ffkarate.fr\/hautsdeseine\/wp-json\/wp\/v2\/media?parent=16518"}],"wp:term":[{"taxonomy":"category","embeddable":true,"href":"https:\/\/sites.ffkarate.fr\/hautsdeseine\/wp-json\/wp\/v2\/categories?post=16518"},{"taxonomy":"post_tag","embeddable":true,"href":"https:\/\/sites.ffkarate.fr\/hautsdeseine\/wp-json\/wp\/v2\/tags?post=16518"}],"curies":[{"name":"wp","href":"https:\/\/api.w.org\/{rel}","templated":true}]}}