{"id":16645,"date":"2024-11-19T17:23:39","date_gmt":"2024-11-19T16:23:39","guid":{"rendered":"https:\/\/sites.ffkarate.fr\/hautsdeseine\/?p=16645"},"modified":"2024-11-19T17:29:52","modified_gmt":"2024-11-19T16:29:52","slug":"resultats-coupe-de-france-combat-juniors-16-17-11-2024","status":"publish","type":"post","link":"https:\/\/sites.ffkarate.fr\/hautsdeseine\/2024\/11\/19\/resultats-coupe-de-france-combat-juniors-16-17-11-2024\/","title":{"rendered":"R\u00e9sultats &#8211; Coupe de France combat juniors &#8211; 16-17.11.2024"},"content":{"rendered":"<div class=\"wpb-content-wrapper\"><p>[vc_row][vc_column][vc_column_text]Le <span style=\"color: #1423a0\"><strong>samedi 16<\/strong><\/span> et <span style=\"color: #1423a0\"><strong>dimanche 17 novembre 2024<\/strong><\/span> avait lieu la <span style=\"color: #dc2d5a\"><strong>Coupe de France combat juniors<\/strong><\/span> en <span style=\"color: #1423a0\"><strong>individuel<\/strong><\/span> et en <span style=\"color: #dc2d5a\"><strong>\u00e9quipe<\/strong><\/span> \u00e0 <span style=\"color: #1423a0\"><strong>Pont-A-Mousson<\/strong><\/span> (<em>54<\/em>).<!--more--><\/p>\n<p>Le <span style=\"color: #dc2d5a\"><strong>CDKarate92<\/strong><\/span> remporte <span style=\"color: #1423a0\"><strong><span style=\"color: #1423a0\">2<\/span>\u00a0m\u00e9dailles d&rsquo;<\/strong><strong>argent<\/strong><\/span>.<\/p>\n<p><strong>2\u00e8me place :<\/strong><\/p>\n<ul>\n<li><strong>Lina ABID<\/strong> (<em>SKC Villeneuve-La-Garenne<\/em>) &#8211; Junior +66 kg f\u00e9minine<\/li>\n<li><strong>Youssouf CISSOKHO<\/strong>\u00a0(<em>IGKDF Vanves<\/em>) &#8211; Junior -61 kg masculin<\/li>\n<\/ul>\n<p>Le <span style=\"color: #dc2d5a\"><strong>CDKarate92<\/strong><\/span> f\u00e9licite les clubs et comp\u00e9titeurs pour ces tr\u00e8s beaux r\u00e9sultats.[\/vc_column_text][vc_single_image image=\u00a0\u00bb16642&Prime; title=\u00a0\u00bbPhotos : Aur\u00e9lien MORISSARD &#8211; FFK\u00a0\u00bb][\/vc_column][\/vc_row]<\/p>\n<\/div>","protected":false},"excerpt":{"rendered":"<p>[vc_row][vc_column][vc_column_text]Le samedi 16 et dimanche 17 novembre 2024 avait lieu la Coupe de France combat juniors en individuel et en \u00e9quipe \u00e0 Pont-A-Mousson (54).<\/p>\n","protected":false},"author":87,"featured_media":16641,"comment_status":"closed","ping_status":"closed","sticky":false,"template":"","format":"standard","meta":{"footnotes":""},"categories":[10],"tags":[77],"class_list":["post-16645","post","type-post","status-publish","format-standard","hentry","category-competitions","tag-competitions"],"_links":{"self":[{"href":"https:\/\/sites.ffkarate.fr\/hautsdeseine\/wp-json\/wp\/v2\/posts\/16645","targetHints":{"allow":["GET"]}}],"collection":[{"href":"https:\/\/sites.ffkarate.fr\/hautsdeseine\/wp-json\/wp\/v2\/posts"}],"about":[{"href":"https:\/\/sites.ffkarate.fr\/hautsdeseine\/wp-json\/wp\/v2\/types\/post"}],"author":[{"embeddable":true,"href":"https:\/\/sites.ffkarate.fr\/hautsdeseine\/wp-json\/wp\/v2\/users\/87"}],"replies":[{"embeddable":true,"href":"https:\/\/sites.ffkarate.fr\/hautsdeseine\/wp-json\/wp\/v2\/comments?post=16645"}],"version-history":[{"count":1,"href":"https:\/\/sites.ffkarate.fr\/hautsdeseine\/wp-json\/wp\/v2\/posts\/16645\/revisions"}],"predecessor-version":[{"id":16646,"href":"https:\/\/sites.ffkarate.fr\/hautsdeseine\/wp-json\/wp\/v2\/posts\/16645\/revisions\/16646"}],"wp:featuredmedia":[{"embeddable":true,"href":"https:\/\/sites.ffkarate.fr\/hautsdeseine\/wp-json\/wp\/v2\/media\/16641"}],"wp:attachment":[{"href":"https:\/\/sites.ffkarate.fr\/hautsdeseine\/wp-json\/wp\/v2\/media?parent=16645"}],"wp:term":[{"taxonomy":"category","embeddable":true,"href":"https:\/\/sites.ffkarate.fr\/hautsdeseine\/wp-json\/wp\/v2\/categories?post=16645"},{"taxonomy":"post_tag","embeddable":true,"href":"https:\/\/sites.ffkarate.fr\/hautsdeseine\/wp-json\/wp\/v2\/tags?post=16645"}],"curies":[{"name":"wp","href":"https:\/\/api.w.org\/{rel}","templated":true}]}}