{"id":17055,"date":"2025-02-17T15:34:06","date_gmt":"2025-02-17T14:34:06","guid":{"rendered":"https:\/\/sites.ffkarate.fr\/hautsdeseine\/?p=17055"},"modified":"2025-02-17T16:33:24","modified_gmt":"2025-02-17T15:33:24","slug":"resultats-championnat-idf-mcjs-08-09-02-2025","status":"publish","type":"post","link":"https:\/\/sites.ffkarate.fr\/hautsdeseine\/2025\/02\/17\/resultats-championnat-idf-mcjs-08-09-02-2025\/","title":{"rendered":"R\u00e9sultats &#8211; Championnat IDF MCJS &#8211; 08-09.02.2025"},"content":{"rendered":"<div class=\"wpb-content-wrapper\"><p>[vc_row][vc_column][vc_column_text]<\/p>\n<p data-pm-slice=\"1 1 []\"><span style=\"color: #1423a0\"><span style=\"color: #000000\">Le<\/span><strong style=\"color: #1423a0\">\u00a0samedi 8 et dimanche 9 f\u00e9vrier 2025<\/strong><\/span> avait lieu le <span style=\"color: #dc2d5a\"><strong>Championnat IDF<\/strong><\/span> pour les <span style=\"color: #1423a0\"><strong>minimes<\/strong><\/span>, <span style=\"color: #dc2d5a\"><strong>cadets<\/strong><\/span>, <span style=\"color: #1423a0\"><strong>juniors<\/strong><\/span> et <span style=\"color: #dc2d5a\"><strong>s\u00e9niors<\/strong><\/span> en combat \u00e0 <span style=\"color: #1423a0\"><strong>Gagny<\/strong><\/span> (<em>93<\/em>).<!--more--><\/p>\n<p data-pm-slice=\"1 1 []\">Le <span style=\"color: #1423a0\"><strong>CDK92<\/strong><\/span> remporte <span style=\"color: #dc2d5a\"><strong>7 m\u00e9dailles<\/strong><\/span> dont <span style=\"color: #1423a0\"><strong>1 m\u00e9daille d&rsquo;or<\/strong><\/span>, <span style=\"color: #dc2d5a\"><strong>3 <\/strong><span style=\"color: #000000\"><strong><span style=\"color: #dc2d5a\">m\u00e9dailles d&rsquo;argent<\/span><\/strong> et <span style=\"color: #1423a0\"><strong>3<\/strong><\/span><\/span><span style=\"color: #1423a0\"><strong>\u00a0m\u00e9dailles de bronze<\/strong><\/span><\/span>.<\/p>\n<p><span style=\"color: #000000\"><strong>1\u00e8re place :<\/strong><\/span><\/p>\n<ul>\n<li><strong>Margot L&rsquo;HYVER<\/strong> (<em>CSM Puteaux<\/em>) \u2013 S\u00e9nior f\u00e9minine +68 kg<\/li>\n<\/ul>\n<p><span style=\"color: #000000\"><strong>2\u00e8me place :<\/strong><\/span><\/p>\n<ul>\n<li><strong>Rafael RAMILIJAONA<\/strong> (<em>Levallois Sporting Club<\/em>) \u2013 Junior masculin -55 kg<\/li>\n<li><strong>Jean Joel ACHY<\/strong> (<em>Shotokan Karate Club de Villeneuve<\/em>) \u2013 S\u00e9nior masculin -84 kg<\/li>\n<li><strong>Aliya BEN RABEH<\/strong> (<em>CSA Hauts de Rueil<\/em>) &#8211; Junior f\u00e9minine -48 kg<\/li>\n<\/ul>\n<p><span style=\"color: #000000\"><strong>3\u00e8me place :<\/strong><\/span><\/p>\n<ul>\n<li><strong>Tessnime MAAZOUZI<\/strong> (<em>Shotokan Karate Club de Villeneuve<\/em>) \u2013 S\u00e9nior f\u00e9minine -55 kg<\/li>\n<li><strong>Lounes CHERAIOU QUESSEVEUR<\/strong> (<em>Levallois Sporting Club<\/em>) \u2013 Junior masculin -76 kg<\/li>\n<li><strong>Marc CORANSON-BEAUDU<\/strong> (<em>CSM Puteaux<\/em>) \u2013 S\u00e9nior masculin -84 kg<\/li>\n<\/ul>\n<p>Les 8 premiers de chaque cat\u00e9gorie sont <span style=\"color: #dc2d5a\"><strong>qualifi\u00e9s<\/strong><\/span> pour les <span style=\"color: #1423a0\"><strong>championnats de France<\/strong><\/span>.<\/p>\n<p>Le <span style=\"color: #dc2d5a\"><strong>CDK92<\/strong><\/span> f\u00e9licite les comp\u00e9titeurs et leurs clubs pour leurs tr\u00e8s beaux r\u00e9sultats.[\/vc_column_text][vc_gallery images=\u00a0\u00bb17051,17050,17049,17048&Prime;][\/vc_column][\/vc_row]<\/p>\n<\/div>","protected":false},"excerpt":{"rendered":"<p>[vc_row][vc_column][vc_column_text] Le\u00a0samedi 8 et dimanche 9 f\u00e9vrier 2025 avait lieu le Championnat IDF pour les minimes, cadets, juniors et s\u00e9niors en combat \u00e0 Gagny (93).<\/p>\n","protected":false},"author":87,"featured_media":17047,"comment_status":"closed","ping_status":"closed","sticky":false,"template":"","format":"standard","meta":{"footnotes":""},"categories":[10],"tags":[77],"class_list":["post-17055","post","type-post","status-publish","format-standard","hentry","category-competitions","tag-competitions"],"_links":{"self":[{"href":"https:\/\/sites.ffkarate.fr\/hautsdeseine\/wp-json\/wp\/v2\/posts\/17055","targetHints":{"allow":["GET"]}}],"collection":[{"href":"https:\/\/sites.ffkarate.fr\/hautsdeseine\/wp-json\/wp\/v2\/posts"}],"about":[{"href":"https:\/\/sites.ffkarate.fr\/hautsdeseine\/wp-json\/wp\/v2\/types\/post"}],"author":[{"embeddable":true,"href":"https:\/\/sites.ffkarate.fr\/hautsdeseine\/wp-json\/wp\/v2\/users\/87"}],"replies":[{"embeddable":true,"href":"https:\/\/sites.ffkarate.fr\/hautsdeseine\/wp-json\/wp\/v2\/comments?post=17055"}],"version-history":[{"count":3,"href":"https:\/\/sites.ffkarate.fr\/hautsdeseine\/wp-json\/wp\/v2\/posts\/17055\/revisions"}],"predecessor-version":[{"id":17058,"href":"https:\/\/sites.ffkarate.fr\/hautsdeseine\/wp-json\/wp\/v2\/posts\/17055\/revisions\/17058"}],"wp:featuredmedia":[{"embeddable":true,"href":"https:\/\/sites.ffkarate.fr\/hautsdeseine\/wp-json\/wp\/v2\/media\/17047"}],"wp:attachment":[{"href":"https:\/\/sites.ffkarate.fr\/hautsdeseine\/wp-json\/wp\/v2\/media?parent=17055"}],"wp:term":[{"taxonomy":"category","embeddable":true,"href":"https:\/\/sites.ffkarate.fr\/hautsdeseine\/wp-json\/wp\/v2\/categories?post=17055"},{"taxonomy":"post_tag","embeddable":true,"href":"https:\/\/sites.ffkarate.fr\/hautsdeseine\/wp-json\/wp\/v2\/tags?post=17055"}],"curies":[{"name":"wp","href":"https:\/\/api.w.org\/{rel}","templated":true}]}}