{"id":17126,"date":"2025-02-24T16:08:25","date_gmt":"2025-02-24T15:08:25","guid":{"rendered":"https:\/\/sites.ffkarate.fr\/hautsdeseine\/?p=17126"},"modified":"2025-02-24T16:08:25","modified_gmt":"2025-02-24T15:08:25","slug":"belle-reussite-pour-le-cdk92-un-titre-de-juge-regional-b-en-kata","status":"publish","type":"post","link":"https:\/\/sites.ffkarate.fr\/hautsdeseine\/2025\/02\/24\/belle-reussite-pour-le-cdk92-un-titre-de-juge-regional-b-en-kata\/","title":{"rendered":"Belle r\u00e9ussite pour le CDK92 : un titre de juge r\u00e9gional B en Kata"},"content":{"rendered":"<div class=\"wpb-content-wrapper\"><p>[vc_row][vc_column][vc_column_text]Le <span style=\"color: #1423a0\"><strong>samedi 15<\/strong><\/span> et le <span style=\"color: #dc2d5a\"><strong>dimanche 16 f\u00e9vrier 2025<\/strong><\/span>, le Palais des Sports de Coubertin \u00e0 Paris a accueilli l\u2019<span style=\"color: #1423a0\"><strong>Open IDF Combat<\/strong><\/span> et <span style=\"color: #dc2d5a\"><strong>Kata<\/strong><\/span> pour les cat\u00e9gories Pupilles, Benjamins, ainsi que le <strong><span style=\"color: #1423a0\">championnat IDF \u00e9quipe Kata<\/span><\/strong> Cadets, Juniors et S\u00e9niors.<!--more--><\/p>\n<p>\u00c0 cette occasion, <span style=\"color: #dc2d5a\"><strong>31 candidats<\/strong><\/span> issus des <span style=\"color: #1423a0\"><strong>huit d\u00e9partements de la r\u00e9gion<\/strong><\/span> ont particip\u00e9 \u00e0 l\u2019examen r\u00e9gional <span style=\"color: #dc2d5a\"><strong>Kata \u00ab <em>A &amp; B<\/em> \u00bb<\/strong><\/span>, destin\u00e9 \u00e0 former de nouveaux juges pour les comp\u00e9titions r\u00e9gionales.<\/p>\n<p>Pour le CDK92, <span style=\"color: #1423a0\"><strong>Sarra KHELIFI<\/strong><\/span> a brillamment obtenu le titre de <span style=\"color: #dc2d5a\"><strong>juge r\u00e9gional B<\/strong><\/span> en Kata et s\u2019est \u00e9galement illustr\u00e9e en terminant sur le podium \u00e0 la <span style=\"color: #1423a0\"><strong>3\u1d49 place<\/strong><\/span>.<\/p>\n<p>Le CDK92 exprime toute sa gratitude \u00e0 <span style=\"color: #dc2d5a\"><strong>Mohammed DAOUD<\/strong><\/span>, responsable de l\u2019arbitrage d\u00e9partemental, ainsi qu&rsquo;\u00e0 <strong><span style=\"color: #1423a0\">Sibille <\/span><span style=\"color: #1423a0\"><strong>F<\/strong>RIK<\/span><\/strong>, son adjointe, pour leur engagement et la qualit\u00e9 de la formation dispens\u00e9e \u00e0 nos jeunes.[\/vc_column_text][\/vc_column][\/vc_row]<\/p>\n<\/div>","protected":false},"excerpt":{"rendered":"<p>[vc_row][vc_column][vc_column_text]Le samedi 15 et le dimanche 16 f\u00e9vrier 2025, le Palais des Sports de Coubertin \u00e0 Paris a accueilli l\u2019Open IDF Combat et Kata pour les cat\u00e9gories Pupilles, Benjamins, ainsi que le championnat IDF \u00e9quipe Kata Cadets, Juniors et S\u00e9niors.<\/p>\n","protected":false},"author":87,"featured_media":17127,"comment_status":"closed","ping_status":"closed","sticky":false,"template":"","format":"standard","meta":{"footnotes":""},"categories":[8],"tags":[71],"class_list":["post-17126","post","type-post","status-publish","format-standard","hentry","category-arbitrage","tag-arbitrage"],"_links":{"self":[{"href":"https:\/\/sites.ffkarate.fr\/hautsdeseine\/wp-json\/wp\/v2\/posts\/17126","targetHints":{"allow":["GET"]}}],"collection":[{"href":"https:\/\/sites.ffkarate.fr\/hautsdeseine\/wp-json\/wp\/v2\/posts"}],"about":[{"href":"https:\/\/sites.ffkarate.fr\/hautsdeseine\/wp-json\/wp\/v2\/types\/post"}],"author":[{"embeddable":true,"href":"https:\/\/sites.ffkarate.fr\/hautsdeseine\/wp-json\/wp\/v2\/users\/87"}],"replies":[{"embeddable":true,"href":"https:\/\/sites.ffkarate.fr\/hautsdeseine\/wp-json\/wp\/v2\/comments?post=17126"}],"version-history":[{"count":1,"href":"https:\/\/sites.ffkarate.fr\/hautsdeseine\/wp-json\/wp\/v2\/posts\/17126\/revisions"}],"predecessor-version":[{"id":17128,"href":"https:\/\/sites.ffkarate.fr\/hautsdeseine\/wp-json\/wp\/v2\/posts\/17126\/revisions\/17128"}],"wp:featuredmedia":[{"embeddable":true,"href":"https:\/\/sites.ffkarate.fr\/hautsdeseine\/wp-json\/wp\/v2\/media\/17127"}],"wp:attachment":[{"href":"https:\/\/sites.ffkarate.fr\/hautsdeseine\/wp-json\/wp\/v2\/media?parent=17126"}],"wp:term":[{"taxonomy":"category","embeddable":true,"href":"https:\/\/sites.ffkarate.fr\/hautsdeseine\/wp-json\/wp\/v2\/categories?post=17126"},{"taxonomy":"post_tag","embeddable":true,"href":"https:\/\/sites.ffkarate.fr\/hautsdeseine\/wp-json\/wp\/v2\/tags?post=17126"}],"curies":[{"name":"wp","href":"https:\/\/api.w.org\/{rel}","templated":true}]}}