{"id":17308,"date":"2025-04-21T21:01:48","date_gmt":"2025-04-21T19:01:48","guid":{"rendered":"https:\/\/sites.ffkarate.fr\/hautsdeseine\/?p=17308"},"modified":"2025-04-21T21:02:57","modified_gmt":"2025-04-21T19:02:57","slug":"resultats-championnats-de-france-kata-individuels-et-par-equipes-12-13-04-2025","status":"publish","type":"post","link":"https:\/\/sites.ffkarate.fr\/hautsdeseine\/2025\/04\/21\/resultats-championnats-de-france-kata-individuels-et-par-equipes-12-13-04-2025\/","title":{"rendered":"R\u00e9sultats &#8211; Championnats de France Kata individuels et par \u00e9quipes &#8211; 12-13.04.2025"},"content":{"rendered":"<div class=\"wpb-content-wrapper\"><p>[vc_row][vc_column][vc_column_text]<\/p>\n<p class=\"\" data-start=\"310\" data-end=\"671\">Le week-end des <span style=\"color: #1423a0\"><strong>12 et 13 avril 2025<\/strong><\/span>, la ville de <span style=\"color: #dc2d5a\"><strong>Bourges<\/strong><\/span> a accueilli les <span style=\"color: #1423a0\"><strong>Championnats de France Kata individuels et par \u00e9quipes<\/strong><\/span> dans les cat\u00e9gories <span style=\"color: #dc2d5a\"><strong>Minimes, Cadets, Juniors et Espoirs.<\/strong><\/span><!--more--><\/p>\n<p class=\"\" data-start=\"310\" data-end=\"671\">Le <span style=\"color: #1423a0\"><strong data-start=\"494\" data-end=\"545\">CDK92<\/strong><\/span> a une nouvelle fois d\u00e9montr\u00e9 la qualit\u00e9 de ses pratiquants, avec de tr\u00e8s belles performances individuelles comme collectives en d\u00e9crochant <span style=\"color: #dc2d5a\"><strong>3 m\u00e9dailles<\/strong><\/span>.<\/p>\n<p data-start=\"818\" data-end=\"836\"><strong>2\u00e8me place :<\/strong><\/p>\n<ul data-start=\"837\" data-end=\"914\">\n<li class=\"\" data-start=\"837\" data-end=\"914\">\n<p class=\"\" data-start=\"839\" data-end=\"914\"><strong>Aurore DESPUJOL<\/strong> (<em>Institut de Gojuryu Kenkyukai de France<\/em>) \u2013 Junior f\u00e9minine kata<\/p>\n<\/li>\n<\/ul>\n<p data-start=\"916\" data-end=\"934\"><strong>3\u00e8me place :<\/strong><\/p>\n<ul data-start=\"935\" data-end=\"1088\">\n<li class=\"\" data-start=\"935\" data-end=\"1013\">\n<p class=\"\" data-start=\"937\" data-end=\"1013\"><strong>Aurore DESPUJOL<\/strong> (<em>Institut de Gojuryu Kenkyukai de France<\/em>) \u2013 Cadette f\u00e9minine kata<\/p>\n<\/li>\n<li class=\"\" data-start=\"1014\" data-end=\"1088\">\n<p class=\"\" data-start=\"1016\" data-end=\"1088\"><strong>Camil PERINI<\/strong> (<em>Institut de Gojuryu Kenkyukai de France<\/em>) \u2013 Junior masculin kata<\/p>\n<\/li>\n<\/ul>\n<p data-start=\"1240\" data-end=\"1272\"><strong>Places d\u2019honneur (<em>Top 7<\/em>) :<\/strong><\/p>\n<ul data-start=\"1273\" data-end=\"1426\">\n<li class=\"\" data-start=\"1273\" data-end=\"1353\">\n<p class=\"\" data-start=\"1275\" data-end=\"1353\"><strong>Tristan BROCHERIOU<\/strong> (<em>Institut de Gojuryu Kenkyukai de France<\/em>) \u2013 Minime masculin kata<\/p>\n<\/li>\n<li class=\"\" data-start=\"1354\" data-end=\"1426\">\n<p class=\"\" data-start=\"1356\" data-end=\"1426\"><strong>Jules COLAS<\/strong> (<em>Institut de Gojuryu Kenkyukai de France<\/em>) \u2013 Cadet masculin kata<\/p>\n<\/li>\n<\/ul>\n<p class=\"\" data-start=\"1741\" data-end=\"2094\">Un immense bravo \u00e0 <span style=\"color: #1423a0\"><strong data-start=\"1760\" data-end=\"1779\">Aurore DESPUJOL<\/strong><\/span>, double m\u00e9daill\u00e9e ce week-end, ainsi qu&rsquo;\u00e0 <span style=\"color: #dc2d5a\"><strong data-start=\"1822\" data-end=\"1838\">Camil PERINI<\/strong><\/span>, <span style=\"color: #1423a0\"><strong data-start=\"1840\" data-end=\"1862\">Tristan BROCHERIOU<\/strong><\/span> et <span style=\"color: #dc2d5a\"><strong data-start=\"1866\" data-end=\"1881\">Jules COLAS<\/strong><\/span> pour leur engagement et leurs performances. Nous saluons particuli\u00e8rement le travail de l&rsquo;<span style=\"color: #1423a0\"><strong data-start=\"1972\" data-end=\"2015\">Institut de Gojuryu Kenkyukai de France<\/strong><\/span>, qui a port\u00e9 haut les couleurs du d\u00e9partement sur cette comp\u00e9tition nationale.<\/p>\n<p class=\"\" data-start=\"2096\" data-end=\"2204\">Le <span style=\"color: #dc2d5a\"><strong>CDK92<\/strong><\/span> est fier de ses athl\u00e8tes et les encourage \u00e0 poursuivre leur progression avec la m\u00eame d\u00e9termination.<\/p>\n<p>[\/vc_column_text][\/vc_column][\/vc_row]<\/p>\n<\/div>","protected":false},"excerpt":{"rendered":"<p>[vc_row][vc_column][vc_column_text] Le week-end des 12 et 13 avril 2025, la ville de Bourges a accueilli les Championnats de France Kata individuels et par \u00e9quipes dans les cat\u00e9gories Minimes, Cadets, Juniors et Espoirs.<\/p>\n","protected":false},"author":87,"featured_media":17327,"comment_status":"open","ping_status":"open","sticky":false,"template":"","format":"standard","meta":{"footnotes":""},"categories":[10],"tags":[77],"class_list":["post-17308","post","type-post","status-publish","format-standard","hentry","category-competitions","tag-competitions"],"_links":{"self":[{"href":"https:\/\/sites.ffkarate.fr\/hautsdeseine\/wp-json\/wp\/v2\/posts\/17308","targetHints":{"allow":["GET"]}}],"collection":[{"href":"https:\/\/sites.ffkarate.fr\/hautsdeseine\/wp-json\/wp\/v2\/posts"}],"about":[{"href":"https:\/\/sites.ffkarate.fr\/hautsdeseine\/wp-json\/wp\/v2\/types\/post"}],"author":[{"embeddable":true,"href":"https:\/\/sites.ffkarate.fr\/hautsdeseine\/wp-json\/wp\/v2\/users\/87"}],"replies":[{"embeddable":true,"href":"https:\/\/sites.ffkarate.fr\/hautsdeseine\/wp-json\/wp\/v2\/comments?post=17308"}],"version-history":[{"count":3,"href":"https:\/\/sites.ffkarate.fr\/hautsdeseine\/wp-json\/wp\/v2\/posts\/17308\/revisions"}],"predecessor-version":[{"id":17331,"href":"https:\/\/sites.ffkarate.fr\/hautsdeseine\/wp-json\/wp\/v2\/posts\/17308\/revisions\/17331"}],"wp:featuredmedia":[{"embeddable":true,"href":"https:\/\/sites.ffkarate.fr\/hautsdeseine\/wp-json\/wp\/v2\/media\/17327"}],"wp:attachment":[{"href":"https:\/\/sites.ffkarate.fr\/hautsdeseine\/wp-json\/wp\/v2\/media?parent=17308"}],"wp:term":[{"taxonomy":"category","embeddable":true,"href":"https:\/\/sites.ffkarate.fr\/hautsdeseine\/wp-json\/wp\/v2\/categories?post=17308"},{"taxonomy":"post_tag","embeddable":true,"href":"https:\/\/sites.ffkarate.fr\/hautsdeseine\/wp-json\/wp\/v2\/tags?post=17308"}],"curies":[{"name":"wp","href":"https:\/\/api.w.org\/{rel}","templated":true}]}}