{"id":17419,"date":"2025-05-10T17:58:44","date_gmt":"2025-05-10T15:58:44","guid":{"rendered":"https:\/\/sites.ffkarate.fr\/hautsdeseine\/?p=17419"},"modified":"2025-05-11T18:14:18","modified_gmt":"2025-05-11T16:14:18","slug":"resultats-championnat-de-france-karate-light-contact-et-full-contact-03-04-05-2025","status":"publish","type":"post","link":"https:\/\/sites.ffkarate.fr\/hautsdeseine\/2025\/05\/10\/resultats-championnat-de-france-karate-light-contact-et-full-contact-03-04-05-2025\/","title":{"rendered":"R\u00e9sultats &#8211; Championnat de France karat\u00e9 light-contact et full contact &#8211; 03-04.05.2025"},"content":{"rendered":"<div class=\"wpb-content-wrapper\"><p>[vc_row][vc_column][vc_column_text]Le\u00a0<span style=\"color: #1423a0\"><strong>samedi 3<\/strong><\/span>\u00a0et\u00a0<span style=\"color: #dc2d5a\"><strong>dimanche 4 mai<\/strong><strong> 2025<\/strong><\/span> avait lieu le\u00a0<strong><span style=\"color: #1423a0\">Championnat de France karat\u00e9 light-contact et full contact<\/span><\/strong> \u00e0 <span style=\"color: #dc2d5a\"><strong>Bourg-de-P\u00e9age<\/strong><\/span> (<em>Valence<\/em>).<!--more--><\/p>\n<p>Le\u00a0<span style=\"color: #1423a0\"><strong>CDKarate92<\/strong><\/span>\u00a0remporte\u00a0<span style=\"color: #dc2d5a\"><strong>1\u00a0<\/strong><strong>m\u00e9daille d\u2019or<\/strong><\/span>.<\/p>\n<p><strong>1\u00e8re place :<\/strong><\/p>\n<ul>\n<li><strong>Gr\u00e9goire ALLES<\/strong>\u00a0(<em>Karat\u00e9 Bu Jutsu Suresnois<\/em>) \u2013 S\u00e9nior full contact \u00e9lites +90 kg<\/li>\n<\/ul>\n<p>Le\u00a0<span style=\"color: #1423a0\"><strong>CDKarate92<\/strong><\/span>\u00a0f\u00e9licite Gr\u00e9goire et son club pour ce r\u00e9sultat.<\/p>\n<p><span style=\"color: #dc2d5a\"><strong>Photo<\/strong><\/span> : L\u00e9a BRIGLIADORI &#8211; FFK[\/vc_column_text][\/vc_column][\/vc_row]<\/p>\n<\/div>","protected":false},"excerpt":{"rendered":"<p>[vc_row][vc_column][vc_column_text]Le\u00a0samedi 3\u00a0et\u00a0dimanche 4 mai 2025 avait lieu le\u00a0Championnat de France karat\u00e9 light-contact et full contact \u00e0 Bourg-de-P\u00e9age (Valence).<\/p>\n","protected":false},"author":87,"featured_media":17425,"comment_status":"open","ping_status":"open","sticky":false,"template":"","format":"standard","meta":{"footnotes":""},"categories":[10],"tags":[77],"class_list":["post-17419","post","type-post","status-publish","format-standard","hentry","category-competitions","tag-competitions"],"_links":{"self":[{"href":"https:\/\/sites.ffkarate.fr\/hautsdeseine\/wp-json\/wp\/v2\/posts\/17419","targetHints":{"allow":["GET"]}}],"collection":[{"href":"https:\/\/sites.ffkarate.fr\/hautsdeseine\/wp-json\/wp\/v2\/posts"}],"about":[{"href":"https:\/\/sites.ffkarate.fr\/hautsdeseine\/wp-json\/wp\/v2\/types\/post"}],"author":[{"embeddable":true,"href":"https:\/\/sites.ffkarate.fr\/hautsdeseine\/wp-json\/wp\/v2\/users\/87"}],"replies":[{"embeddable":true,"href":"https:\/\/sites.ffkarate.fr\/hautsdeseine\/wp-json\/wp\/v2\/comments?post=17419"}],"version-history":[{"count":3,"href":"https:\/\/sites.ffkarate.fr\/hautsdeseine\/wp-json\/wp\/v2\/posts\/17419\/revisions"}],"predecessor-version":[{"id":17422,"href":"https:\/\/sites.ffkarate.fr\/hautsdeseine\/wp-json\/wp\/v2\/posts\/17419\/revisions\/17422"}],"wp:featuredmedia":[{"embeddable":true,"href":"https:\/\/sites.ffkarate.fr\/hautsdeseine\/wp-json\/wp\/v2\/media\/17425"}],"wp:attachment":[{"href":"https:\/\/sites.ffkarate.fr\/hautsdeseine\/wp-json\/wp\/v2\/media?parent=17419"}],"wp:term":[{"taxonomy":"category","embeddable":true,"href":"https:\/\/sites.ffkarate.fr\/hautsdeseine\/wp-json\/wp\/v2\/categories?post=17419"},{"taxonomy":"post_tag","embeddable":true,"href":"https:\/\/sites.ffkarate.fr\/hautsdeseine\/wp-json\/wp\/v2\/tags?post=17419"}],"curies":[{"name":"wp","href":"https:\/\/api.w.org\/{rel}","templated":true}]}}