{"id":17557,"date":"2025-06-14T21:08:17","date_gmt":"2025-06-14T19:08:17","guid":{"rendered":"https:\/\/sites.ffkarate.fr\/hautsdeseine\/?p=17557"},"modified":"2025-06-14T21:09:05","modified_gmt":"2025-06-14T19:09:05","slug":"3-juges-kata-b-du-92-brillent-a-la-coupe-de-france-zone-nord-a-chambly","status":"publish","type":"post","link":"https:\/\/sites.ffkarate.fr\/hautsdeseine\/2025\/06\/14\/3-juges-kata-b-du-92-brillent-a-la-coupe-de-france-zone-nord-a-chambly\/","title":{"rendered":"3 juges Kata B du 92 brillent \u00e0 la Coupe de France Zone Nord \u00e0 Chambly"},"content":{"rendered":"<div class=\"wpb-content-wrapper\"><p>[vc_row][vc_column][vc_column_text]<\/p>\n<p data-start=\"182\" data-end=\"445\">Le <span style=\"color: #1423a0\"><strong>dimanche 8 juin 2025<\/strong><\/span>, l\u2019examen <span style=\"color: #dc2d5a\"><strong>national Kata B<\/strong> <\/span>s\u2019est tenu dans le cadre de la <strong><span style=\"color: #1423a0\">Coupe de France zone Nord Kata<\/span><\/strong> \u00e0 <span style=\"color: #dc2d5a\"><strong>Chambly<\/strong><\/span> (<em>60<\/em>).<!--more--><\/p>\n<p data-start=\"182\" data-end=\"445\">Cet \u00e9v\u00e9nement a rassembl\u00e9 <span style=\"color: #1423a0\"><strong>26 candidats<\/strong><\/span> venus de toute la r\u00e9gion nord, pr\u00eats \u00e0 d\u00e9montrer leur ma\u00eetrise et leur expertise technique.<\/p>\n<p data-start=\"447\" data-end=\"619\">Parmi eux, <span style=\"color: #dc2d5a\"><strong>trois repr\u00e9sentants du d\u00e9partement des Hauts-de-Seine<\/strong><\/span> (<em>92<\/em>) se sont particuli\u00e8rement distingu\u00e9s, illustrant l&rsquo;excellence de la formation et l\u2019engagement du <span style=\"color: #1423a0\"><strong>CDK92<\/strong><\/span>.<\/p>\n<p data-start=\"621\" data-end=\"948\">Nous avons l\u2019immense fiert\u00e9 d\u2019annoncer que <span style=\"color: #dc2d5a\"><strong>Nabil ZEGHACHE<\/strong><\/span> a termin\u00e9 <span style=\"color: #1423a0\"><strong data-start=\"689\" data-end=\"711\">major de promotion<\/strong><\/span>, une performance exceptionnelle. Il est suivi de pr\u00e8s par <span style=\"color: #dc2d5a\"><strong>Mohammed ABBADI<\/strong><\/span>, qui a d\u00e9croch\u00e9 une <span style=\"color: #1423a0\"><strong data-start=\"806\" data-end=\"835\">excellente deuxi\u00e8me place<\/strong><\/span>. Enfin, <span style=\"color: #dc2d5a\"><strong>Modibo MAKALOU<\/strong><\/span> a \u00e9galement brillamment valid\u00e9 son examen et obtenu le titre de <span style=\"color: #1423a0\"><strong data-start=\"923\" data-end=\"947\">juge national Kata B<\/strong><\/span>.<\/p>\n<p data-start=\"950\" data-end=\"1114\">Le <span style=\"color: #dc2d5a\"><strong>CDK92<\/strong><\/span> adresse ses plus vives f\u00e9licitations \u00e0 ces trois nouveaux juges pour leur r\u00e9ussite exemplaire, fruit d\u2019un travail rigoureux et d\u2019un engagement sans faille.<\/p>\n<p data-start=\"1116\" data-end=\"1319\">Un grand bravo \u00e9galement \u00e0 leurs pr\u00e9parateurs <span style=\"color: #1423a0\"><strong>Mohammed DAOUD<\/strong><\/span>, <span style=\"color: #dc2d5a\"><strong>Sibille FRIK<\/strong><\/span> et <span style=\"color: #1423a0\"><strong>Laura DA SILVA<\/strong><\/span>, dont l\u2019implication et la qualit\u00e9 de l\u2019accompagnement ont \u00e9t\u00e9 d\u00e9terminantes dans la r\u00e9ussite de ces candidats.<\/p>\n<p data-start=\"1321\" data-end=\"1457\">Le <span style=\"color: #dc2d5a\"><strong>CDK92<\/strong><\/span> se r\u00e9jouit de cette belle r\u00e9ussite collective et de la valorisation du savoir-faire de notre d\u00e9partement \u00e0 l\u2019\u00e9chelle nationale.<\/p>\n<p>[\/vc_column_text][\/vc_column][\/vc_row]<\/p>\n<\/div>","protected":false},"excerpt":{"rendered":"<p>[vc_row][vc_column][vc_column_text] Le dimanche 8 juin 2025, l\u2019examen national Kata B s\u2019est tenu dans le cadre de la Coupe de France zone Nord Kata \u00e0 Chambly (60).<\/p>\n","protected":false},"author":87,"featured_media":17558,"comment_status":"open","ping_status":"open","sticky":false,"template":"","format":"standard","meta":{"footnotes":""},"categories":[8],"tags":[71],"class_list":["post-17557","post","type-post","status-publish","format-standard","hentry","category-arbitrage","tag-arbitrage"],"_links":{"self":[{"href":"https:\/\/sites.ffkarate.fr\/hautsdeseine\/wp-json\/wp\/v2\/posts\/17557","targetHints":{"allow":["GET"]}}],"collection":[{"href":"https:\/\/sites.ffkarate.fr\/hautsdeseine\/wp-json\/wp\/v2\/posts"}],"about":[{"href":"https:\/\/sites.ffkarate.fr\/hautsdeseine\/wp-json\/wp\/v2\/types\/post"}],"author":[{"embeddable":true,"href":"https:\/\/sites.ffkarate.fr\/hautsdeseine\/wp-json\/wp\/v2\/users\/87"}],"replies":[{"embeddable":true,"href":"https:\/\/sites.ffkarate.fr\/hautsdeseine\/wp-json\/wp\/v2\/comments?post=17557"}],"version-history":[{"count":4,"href":"https:\/\/sites.ffkarate.fr\/hautsdeseine\/wp-json\/wp\/v2\/posts\/17557\/revisions"}],"predecessor-version":[{"id":17570,"href":"https:\/\/sites.ffkarate.fr\/hautsdeseine\/wp-json\/wp\/v2\/posts\/17557\/revisions\/17570"}],"wp:featuredmedia":[{"embeddable":true,"href":"https:\/\/sites.ffkarate.fr\/hautsdeseine\/wp-json\/wp\/v2\/media\/17558"}],"wp:attachment":[{"href":"https:\/\/sites.ffkarate.fr\/hautsdeseine\/wp-json\/wp\/v2\/media?parent=17557"}],"wp:term":[{"taxonomy":"category","embeddable":true,"href":"https:\/\/sites.ffkarate.fr\/hautsdeseine\/wp-json\/wp\/v2\/categories?post=17557"},{"taxonomy":"post_tag","embeddable":true,"href":"https:\/\/sites.ffkarate.fr\/hautsdeseine\/wp-json\/wp\/v2\/tags?post=17557"}],"curies":[{"name":"wp","href":"https:\/\/api.w.org\/{rel}","templated":true}]}}