{"id":17768,"date":"2025-10-01T15:22:08","date_gmt":"2025-10-01T13:22:08","guid":{"rendered":"https:\/\/sites.ffkarate.fr\/hautsdeseine\/?p=17768"},"modified":"2025-10-01T17:07:32","modified_gmt":"2025-10-01T15:07:32","slug":"stage-darbitrage-cdk92-95-05-10-2025","status":"publish","type":"post","link":"https:\/\/sites.ffkarate.fr\/hautsdeseine\/2025\/10\/01\/stage-darbitrage-cdk92-95-05-10-2025\/","title":{"rendered":"Stage d&rsquo;arbitrage CDK92-95 &#8211; 05.10.2025"},"content":{"rendered":"<div class=\"wpb-content-wrapper\"><p>[vc_row][vc_column][vc_column_text]La <strong><span style=\"color: #1423a0\">commission arbitrage<\/span><\/strong> du <strong><span style=\"color: #dc2d5a\">CDKarate92<\/span><\/strong> en co-organisation avec le <span style=\"color: #1423a0\"><strong>CDKarate95<\/strong><\/span>\u00a0vous propose un <span style=\"color: #dc2d5a\"><strong>stage d\u2019arbitrage<\/strong><\/span> le <strong><span style=\"color: #1423a0\">dimanche 5 octobre 2025<\/span><\/strong>\u00a0de<strong> <span style=\"color: #dc2d5a\">9h00<\/span><\/strong> \u00e0<strong>\u00a0<span style=\"color: #dc2d5a\">12<\/span><\/strong><span style=\"color: #1423a0\"><span style=\"color: #dc2d5a\"><strong>h00<\/strong><\/span><span style=\"color: #000000\">.<\/span><\/span><span id=\"more-8649\"><\/span><!--more--><\/p>\n<p><b><span style=\"color: #ff0000\">En raison des \u00e9volutions majeures de la r\u00e9glementation cette saison, notamment concernant les cat\u00e9gories pupilles et benjamins, il est fortement recommand\u00e9 qu\u2019au moins une personne par club (coach, entra\u00eeneur, comp\u00e9titeur, pr\u00e9sident ou licenci\u00e9) soit pr\u00e9sente. Cette pr\u00e9sence est essentielle afin de\u00a0prendre connaissance des nouvelles informations\u00a0et de pouvoir\u00a0les transmettre efficacement au sein de leur club.<\/span><\/b><\/p>\n<p>Ce stage sera anim\u00e9 par les responsables de l\u2019arbitrage des deux d\u00e9partementaux :<\/p>\n<ul>\n<li><strong><span style=\"color: #1423a0\">Mohammed DAOUD<\/span>\u00a0<\/strong>(<em>Responsable d\u00e9partemental des Hauts-De-Seine<\/em>) assist\u00e9 de <span style=\"color: #dc2d5a\"><strong>Laura DA SILVA<\/strong><\/span><\/li>\n<li><span style=\"color: #dc2d5a\"><strong>Yacine FARES<\/strong>\u00a0<\/span>(<em>Responsable d\u00e9partemental du Val d&rsquo;Oise<\/em>) assist\u00e9 de <span style=\"color: #1423a0\"><strong>Maroua MOGHLI<\/strong><\/span><\/li>\n<\/ul>\n<p>Stage <span style=\"color: #1423a0\"><strong>gratuit<\/strong><\/span> et <span style=\"color: #dc2d5a\"><strong>ouvert<\/strong><span style=\"color: #000000\"> aux <span style=\"color: #1423a0\"><strong>coachs<\/strong><\/span>, <span style=\"color: #dc2d5a\"><strong>arbitres stagiaires<\/strong><\/span>, <span style=\"color: #1423a0\"><strong>jeunes arbitres<\/strong><\/span>, <span style=\"color: #dc2d5a\"><strong>comp\u00e9titeurs<\/strong><\/span> ainsi qu\u2019aux <span style=\"color: #1423a0\"><strong>arbitres confirm\u00e9s<\/strong><\/span>, quel que soit leur niveau. La <span style=\"color: #dc2d5a\"><strong>participation est obligatoire<\/strong><\/span> pour pouvoir officier lors des comp\u00e9titions d\u00e9partementales<\/span><\/span><\/p>\n<p><span style=\"color: #dc2d5a\"><strong>Programme :<\/strong><\/span><\/p>\n<ol>\n<li>Etudes des r\u00e8glements kumit\u00e9 et kata<\/li>\n<li>Pratiques et mise en situations<\/li>\n<li>Questions diverses<\/li>\n<\/ol>\n<p><span style=\"color: #ffffff\">Coucou<\/span><\/p>\n<p><span style=\"color: #dc2d5a\"><strong>Adresse :<\/strong><\/span><br \/>\nSalle des Voltigeurs<br \/>\n11 rue de Clamart<br \/>\n92100 Boulogne-Billancourt<\/p>\n<p><span style=\"color: #dc2d5a\"><strong>Renseignements\u00a0:<\/strong><\/span><br \/>\n<strong>Mohammed DAOUD<\/strong><br \/>\nT\u00e9l. : 06 22 16 54 02<br \/>\nMail : <span style=\"color: #1423a0\"><strong><a style=\"color: #1423a0\" href=\"mailto:daoudmohammed@hotmail.fr\">daoudmohammed@hotmail.fr<\/a><\/strong><\/span>[\/vc_column_text][\/vc_column][\/vc_row]<\/p>\n<\/div>","protected":false},"excerpt":{"rendered":"<p>[vc_row][vc_column][vc_column_text]La commission arbitrage du CDKarate92 en co-organisation avec le CDKarate95\u00a0vous propose un stage d\u2019arbitrage le dimanche 5 octobre 2025\u00a0de 9h00 \u00e0\u00a012h00.<\/p>\n","protected":false},"author":87,"featured_media":17769,"comment_status":"closed","ping_status":"closed","sticky":false,"template":"","format":"standard","meta":{"footnotes":""},"categories":[8],"tags":[71],"class_list":["post-17768","post","type-post","status-publish","format-standard","hentry","category-arbitrage","tag-arbitrage"],"_links":{"self":[{"href":"https:\/\/sites.ffkarate.fr\/hautsdeseine\/wp-json\/wp\/v2\/posts\/17768","targetHints":{"allow":["GET"]}}],"collection":[{"href":"https:\/\/sites.ffkarate.fr\/hautsdeseine\/wp-json\/wp\/v2\/posts"}],"about":[{"href":"https:\/\/sites.ffkarate.fr\/hautsdeseine\/wp-json\/wp\/v2\/types\/post"}],"author":[{"embeddable":true,"href":"https:\/\/sites.ffkarate.fr\/hautsdeseine\/wp-json\/wp\/v2\/users\/87"}],"replies":[{"embeddable":true,"href":"https:\/\/sites.ffkarate.fr\/hautsdeseine\/wp-json\/wp\/v2\/comments?post=17768"}],"version-history":[{"count":8,"href":"https:\/\/sites.ffkarate.fr\/hautsdeseine\/wp-json\/wp\/v2\/posts\/17768\/revisions"}],"predecessor-version":[{"id":17825,"href":"https:\/\/sites.ffkarate.fr\/hautsdeseine\/wp-json\/wp\/v2\/posts\/17768\/revisions\/17825"}],"wp:featuredmedia":[{"embeddable":true,"href":"https:\/\/sites.ffkarate.fr\/hautsdeseine\/wp-json\/wp\/v2\/media\/17769"}],"wp:attachment":[{"href":"https:\/\/sites.ffkarate.fr\/hautsdeseine\/wp-json\/wp\/v2\/media?parent=17768"}],"wp:term":[{"taxonomy":"category","embeddable":true,"href":"https:\/\/sites.ffkarate.fr\/hautsdeseine\/wp-json\/wp\/v2\/categories?post=17768"},{"taxonomy":"post_tag","embeddable":true,"href":"https:\/\/sites.ffkarate.fr\/hautsdeseine\/wp-json\/wp\/v2\/tags?post=17768"}],"curies":[{"name":"wp","href":"https:\/\/api.w.org\/{rel}","templated":true}]}}