{"id":17832,"date":"2025-10-06T16:07:43","date_gmt":"2025-10-06T14:07:43","guid":{"rendered":"https:\/\/sites.ffkarate.fr\/hautsdeseine\/?p=17832"},"modified":"2025-10-06T16:08:07","modified_gmt":"2025-10-06T14:08:07","slug":"photos-stage-darbitrage-cdk92-95-05-10-2025","status":"publish","type":"post","link":"https:\/\/sites.ffkarate.fr\/hautsdeseine\/2025\/10\/06\/photos-stage-darbitrage-cdk92-95-05-10-2025\/","title":{"rendered":"Photos &#8211; Stage d\u2019arbitrage CDK92-95 \u2013 05.10.2025"},"content":{"rendered":"<div class=\"wpb-content-wrapper\"><p>[vc_row][vc_column][vc_column_text]Le <span style=\"color: #1423a0\"><strong>CDKarate92<\/strong><\/span>, en co-organisation avec le <span style=\"color: #dc2d5a\"><strong>CDKarate95<\/strong><\/span>, a propos\u00e9 ce <span style=\"color: #1423a0\"><strong>dimanche 5 octobre 2025<\/strong><\/span> un stage d\u2019arbitrage de <span style=\"color: #dc2d5a\"><strong>9h00<\/strong><\/span> \u00e0 <span style=\"color: #1423a0\"><strong>12h00<\/strong><\/span>, au b\u00e9n\u00e9fice de l\u2019<span style=\"color: #dc2d5a\"><strong>ensemble des arbotres et des clubs<\/strong><\/span> des <span style=\"color: #1423a0\"><strong>Hauts-de-Seine<\/strong><\/span> et du <span style=\"color: #dc2d5a\"><strong>Val d\u2019Oise<\/strong><\/span>.<\/p>\n<p><!--more--><br \/>\nCe stage, <span style=\"color: #1423a0\"><strong>gratuit<\/strong><\/span> et <span style=\"color: #dc2d5a\"><strong>ouvert \u00e0 tous les profils<\/strong><\/span> (<em>coach, arbitre stagiaire, jeune arbitre, comp\u00e9titeur, arbitre confirm\u00e9<\/em>), avait pour objectif <span style=\"color: #1423a0\"><strong>de pr\u00e9senter les \u00e9volutions majeures de la r\u00e9glementation<\/strong><\/span>, notamment pour les cat\u00e9gories pupilles et benjamins. Il \u00e9tait fortement recommand\u00e9 qu\u2019au moins un repr\u00e9sentant par club soit pr\u00e9sent afin d\u2019assurer une bonne transmission des nouvelles r\u00e8gles au sein des structures.<\/p>\n<p>Le stage a \u00e9t\u00e9 anim\u00e9 par les responsables d\u00e9partementaux :<\/p>\n<ul>\n<li><span style=\"color: #dc2d5a\"><strong>Mohammed DAOUD<\/strong><\/span> (<em>CDK92<\/em>), assist\u00e9 de <span style=\"color: #1423a0\"><strong>Laura DA SILVA<\/strong><\/span><\/li>\n<li><span style=\"color: #dc2d5a\"><strong>Yacine FARES<\/strong><\/span> (<em>CDK95<\/em>), assist\u00e9 de <span style=\"color: #1423a0\"><strong>Maroua MOGHLI<\/strong><\/span><\/li>\n<\/ul>\n<p><span style=\"color: #dc2d5a\"><strong>Mohammed DAOUD<\/strong><\/span>\u00a0 tient \u00e0 remercier chaleureusement les responsables du club des <span style=\"color: #1423a0\"><strong>Voltigeurs de Billancourt<\/strong><\/span> pour leur aide pr\u00e9cieuse et la mise \u00e0 disposition du mat\u00e9riel logistique (<em>dojo, chaises, tables\u2026<\/em>).<\/p>\n<p>Initialement pr\u00e9vu jusqu\u2019\u00e0 12h00, <span style=\"color: #dc2d5a\"><strong>le stage s\u2019est prolong\u00e9 jusqu\u2019\u00e0 13h30<\/strong><\/span>, permettant aux intervenants d&rsquo;approfondir les explications et de r\u00e9pondre aux nombreuses questions des participants.<\/p>\n<p>Le stage a enregistr\u00e9 la participation de <span style=\"color: #1423a0\"><strong>22 arbitres<\/strong><\/span> des Hauts-de-Seine.[\/vc_column_text][\/vc_column][\/vc_row]<\/p>\n<\/div>","protected":false},"excerpt":{"rendered":"<p>[vc_row][vc_column][vc_column_text]Le CDKarate92, en co-organisation avec le CDKarate95, a propos\u00e9 ce dimanche 5 octobre 2025 un stage d\u2019arbitrage de 9h00 \u00e0 12h00, au b\u00e9n\u00e9fice de l\u2019ensemble des arbotres et des clubs des Hauts-de-Seine et du Val d\u2019Oise.<\/p>\n","protected":false},"author":87,"featured_media":17833,"comment_status":"open","ping_status":"open","sticky":false,"template":"","format":"standard","meta":{"footnotes":""},"categories":[8],"tags":[71],"class_list":["post-17832","post","type-post","status-publish","format-standard","hentry","category-arbitrage","tag-arbitrage"],"_links":{"self":[{"href":"https:\/\/sites.ffkarate.fr\/hautsdeseine\/wp-json\/wp\/v2\/posts\/17832","targetHints":{"allow":["GET"]}}],"collection":[{"href":"https:\/\/sites.ffkarate.fr\/hautsdeseine\/wp-json\/wp\/v2\/posts"}],"about":[{"href":"https:\/\/sites.ffkarate.fr\/hautsdeseine\/wp-json\/wp\/v2\/types\/post"}],"author":[{"embeddable":true,"href":"https:\/\/sites.ffkarate.fr\/hautsdeseine\/wp-json\/wp\/v2\/users\/87"}],"replies":[{"embeddable":true,"href":"https:\/\/sites.ffkarate.fr\/hautsdeseine\/wp-json\/wp\/v2\/comments?post=17832"}],"version-history":[{"count":2,"href":"https:\/\/sites.ffkarate.fr\/hautsdeseine\/wp-json\/wp\/v2\/posts\/17832\/revisions"}],"predecessor-version":[{"id":17835,"href":"https:\/\/sites.ffkarate.fr\/hautsdeseine\/wp-json\/wp\/v2\/posts\/17832\/revisions\/17835"}],"wp:featuredmedia":[{"embeddable":true,"href":"https:\/\/sites.ffkarate.fr\/hautsdeseine\/wp-json\/wp\/v2\/media\/17833"}],"wp:attachment":[{"href":"https:\/\/sites.ffkarate.fr\/hautsdeseine\/wp-json\/wp\/v2\/media?parent=17832"}],"wp:term":[{"taxonomy":"category","embeddable":true,"href":"https:\/\/sites.ffkarate.fr\/hautsdeseine\/wp-json\/wp\/v2\/categories?post=17832"},{"taxonomy":"post_tag","embeddable":true,"href":"https:\/\/sites.ffkarate.fr\/hautsdeseine\/wp-json\/wp\/v2\/tags?post=17832"}],"curies":[{"name":"wp","href":"https:\/\/api.w.org\/{rel}","templated":true}]}}