{"id":18166,"date":"2025-12-31T07:22:48","date_gmt":"2025-12-31T06:22:48","guid":{"rendered":"https:\/\/sites.ffkarate.fr\/hautsdeseine\/?p=18166"},"modified":"2025-12-31T07:46:31","modified_gmt":"2025-12-31T06:46:31","slug":"stage-darbitrage-cdk92-95-03-01-2026","status":"publish","type":"post","link":"https:\/\/sites.ffkarate.fr\/hautsdeseine\/2025\/12\/31\/stage-darbitrage-cdk92-95-03-01-2026\/","title":{"rendered":"Stage d&rsquo;arbitrage CDK92-95 &#8211; 03.01.2026 &#8211; M\u00e0J adresse"},"content":{"rendered":"<div class=\"wpb-content-wrapper\"><p>[vc_row][vc_column][vc_column_text]La <strong><span style=\"color: #1423a0\">commission arbitrage<\/span><\/strong> du <strong><span style=\"color: #dc2d5a\">CDKarate92<\/span><\/strong> en co-organisation avec le <span style=\"color: #1423a0\"><strong>CDKarate95<\/strong><\/span>\u00a0vous propose un <span style=\"color: #dc2d5a\"><strong>stage d\u2019arbitrage<\/strong><\/span> le <strong><span style=\"color: #1423a0\">samedi 3 janvier 2026<\/span><\/strong>\u00a0de<strong> <span style=\"color: #dc2d5a\">9h00<\/span><\/strong> \u00e0<strong>\u00a0<span style=\"color: #dc2d5a\">16<\/span><\/strong><span style=\"color: #1423a0\"><span style=\"color: #dc2d5a\"><strong>h00<\/strong><\/span><span style=\"color: #000000\">.<\/span><\/span><!--more--><\/p>\n<p><strong><span style=\"color: #ff0000\">Update &#8211; 31.12.2025 : Modification du lieu de d\u00e9roulement du stage.<\/span><\/strong><\/p>\n<p>Ce stage sera anim\u00e9 par :<\/p>\n<ul>\n<li><strong><span style=\"color: #1423a0\">Laura DA SILVA<\/span>\u00a0<\/strong>(<em>Arbitre mondiale et adjointe au responsable d\u00e9partemental des Hauts-De-Seine<\/em>)<\/li>\n<li><span style=\"color: #dc2d5a\"><strong>Yacine FARES<\/strong>\u00a0<\/span>(<em>Responsable d\u00e9partemental du Val d&rsquo;Oise<\/em>)<\/li>\n<\/ul>\n<p>Stage <span style=\"color: #1423a0\"><strong>gratuit<\/strong><\/span> et <span style=\"color: #dc2d5a\"><strong>ouvert<\/strong><span style=\"color: #000000\"> \u00e0 tous les <span style=\"color: #1423a0\"><strong>arbitres<\/strong><\/span>, <span style=\"color: #1423a0\"><strong><span style=\"color: #dc2d5a\">coachs<\/span><\/strong><span style=\"color: #000000\"> et aux <\/span><strong>DAF et DIF<\/strong><span style=\"color: #000000\"> dans le cadre de leurs heures de <\/span><\/span>vie associative. Tenue officielle obligatoire pour les arbitres.<\/span><\/span><\/p>\n<p><span style=\"color: #dc2d5a\"><strong>Programme :<\/strong><\/span><\/p>\n<ul>\n<li>\u00c9tude des mises \u00e0 jour effectu\u00e9es r\u00e9cemment sur les r\u00e8glements kata et combat<\/li>\n<li>Pratiques et mise en situations<\/li>\n<li>Questions diverses<\/li>\n<\/ul>\n<p><span style=\"color: #dc2d5a\"><strong>Adresse :<\/strong><\/span><br \/>\nEspace Pierre de Coubertin<br \/>\n16 impasse de la gare<br \/>\n95190 Goussainville<\/p>\n<p><span style=\"color: #dc2d5a\"><strong>Renseignements\u00a0:<\/strong><\/span><br \/>\n<strong>Mohammed DAOUD<\/strong><br \/>\nT\u00e9l. : 06 22 16 54 02<br \/>\nMail : <span style=\"color: #1423a0\"><strong><a style=\"color: #1423a0\" href=\"mailto:daoudmohammed@hotmail.fr\">daoudmohammed@hotmail.fr<\/a><\/strong><\/span>[\/vc_column_text][\/vc_column][\/vc_row]<\/p>\n<\/div>","protected":false},"excerpt":{"rendered":"<p>[vc_row][vc_column][vc_column_text]La commission arbitrage du CDKarate92 en co-organisation avec le CDKarate95\u00a0vous propose un stage d\u2019arbitrage le samedi 3 janvier 2026\u00a0de 9h00 \u00e0\u00a016h00.<\/p>\n","protected":false},"author":87,"featured_media":18195,"comment_status":"open","ping_status":"open","sticky":false,"template":"","format":"standard","meta":{"footnotes":""},"categories":[8],"tags":[71],"class_list":["post-18166","post","type-post","status-publish","format-standard","hentry","category-arbitrage","tag-arbitrage"],"_links":{"self":[{"href":"https:\/\/sites.ffkarate.fr\/hautsdeseine\/wp-json\/wp\/v2\/posts\/18166","targetHints":{"allow":["GET"]}}],"collection":[{"href":"https:\/\/sites.ffkarate.fr\/hautsdeseine\/wp-json\/wp\/v2\/posts"}],"about":[{"href":"https:\/\/sites.ffkarate.fr\/hautsdeseine\/wp-json\/wp\/v2\/types\/post"}],"author":[{"embeddable":true,"href":"https:\/\/sites.ffkarate.fr\/hautsdeseine\/wp-json\/wp\/v2\/users\/87"}],"replies":[{"embeddable":true,"href":"https:\/\/sites.ffkarate.fr\/hautsdeseine\/wp-json\/wp\/v2\/comments?post=18166"}],"version-history":[{"count":5,"href":"https:\/\/sites.ffkarate.fr\/hautsdeseine\/wp-json\/wp\/v2\/posts\/18166\/revisions"}],"predecessor-version":[{"id":18198,"href":"https:\/\/sites.ffkarate.fr\/hautsdeseine\/wp-json\/wp\/v2\/posts\/18166\/revisions\/18198"}],"wp:featuredmedia":[{"embeddable":true,"href":"https:\/\/sites.ffkarate.fr\/hautsdeseine\/wp-json\/wp\/v2\/media\/18195"}],"wp:attachment":[{"href":"https:\/\/sites.ffkarate.fr\/hautsdeseine\/wp-json\/wp\/v2\/media?parent=18166"}],"wp:term":[{"taxonomy":"category","embeddable":true,"href":"https:\/\/sites.ffkarate.fr\/hautsdeseine\/wp-json\/wp\/v2\/categories?post=18166"},{"taxonomy":"post_tag","embeddable":true,"href":"https:\/\/sites.ffkarate.fr\/hautsdeseine\/wp-json\/wp\/v2\/tags?post=18166"}],"curies":[{"name":"wp","href":"https:\/\/api.w.org\/{rel}","templated":true}]}}