{"id":18685,"date":"2026-09-01T18:11:53","date_gmt":"2026-09-01T16:11:53","guid":{"rendered":"https:\/\/sites.ffkarate.fr\/hautsdeseine\/?p=18685"},"modified":"2026-09-01T18:13:18","modified_gmt":"2026-09-01T16:13:18","slug":"nomination-de-m-amour-makouaya-au-poste-de-referent-lvss-du-cdk92","status":"publish","type":"post","link":"https:\/\/sites.ffkarate.fr\/hautsdeseine\/2026\/09\/01\/nomination-de-m-amour-makouaya-au-poste-de-referent-lvss-du-cdk92\/","title":{"rendered":"Nomination de M. Amour MAKOUAYA au poste de R\u00e9f\u00e9rent LVSS du CDK92"},"content":{"rendered":"<div class=\"wpb-content-wrapper\"><p>[vc_row][vc_column][vc_column_text]Le <span style=\"color: #1423a0\"><strong>Comit\u00e9 D\u00e9partemental de Karat\u00e9 et disciplines associ\u00e9es des Hauts-de-Seine<\/strong><\/span> a le plaisir d\u2019annoncer la nomination de <span style=\"color: #dc2d5a\"><strong>M. Amour MAKOUAYA<\/strong><\/span> au poste de <span style=\"color: #1423a0\"><strong>R\u00e9f\u00e9rent LVSS<\/strong><\/span> (<em>Lutte contre les Violences Sexistes et Sexuelles<\/em>).<\/p>\n<p><!--more--><\/p>\n<p>Cette nomination s\u2019inscrit dans la volont\u00e9 du CDK92 de renforcer son engagement en faveur d\u2019une pratique du karat\u00e9 et des disciplines associ\u00e9es fond\u00e9e sur le<span style=\"color: #dc2d5a\"><strong> respect<\/strong><\/span>, la <span style=\"color: #1423a0\"><strong>bienveillance<\/strong><\/span> et la <span style=\"color: #dc2d5a\"><strong>s\u00e9curit\u00e9<\/strong><\/span> de tous les licenci\u00e9s. Le dispositif <span style=\"color: #1423a0\"><strong>LVSS<\/strong><\/span> vise \u00e0 d\u00e9velopper la pr\u00e9vention, l\u2019\u00e9coute, l\u2019accompagnement et l\u2019orientation des personnes confront\u00e9es \u00e0 des situations de violences, de harc\u00e8lement ou de discrimination au sein du milieu sportif.<\/p>\n<p>Le <span style=\"color: #dc2d5a\"><strong>r\u00e9f\u00e9rent LVSS<\/strong><\/span> occupe un r\u00f4le essentiel. Il constitue un interlocuteur identifi\u00e9, neutre et form\u00e9, capable d\u2019accompagner les clubs et les pratiquants dans leurs d\u00e9marches, tout en participant activement \u00e0 la sensibilisation et \u00e0 la promotion d\u2019un environnement sportif sain et respectueux.<\/p>\n<p>Membre engag\u00e9 de l\u2019<span style=\"color: #1423a0\"><strong>USM Malakoff<\/strong><\/span>, <span style=\"color: #dc2d5a\"><strong>Amour MAKOUAYA<\/strong><\/span> est titulaire du <span style=\"color: #1423a0\"><strong>Certificat de Qualification Professionnelle<\/strong><\/span> (CQP) et d\u00e9tenteur du <span style=\"color: #dc2d5a\"><strong>grade de 4e Dan de Karat\u00e9<\/strong><\/span>. Au-del\u00e0 de son parcours martial, il exerce \u00e9galement une activit\u00e9 de luthier et artisan d\u2019art sp\u00e9cialis\u00e9 dans la fabrication et la restauration d\u2019instruments de musique, m\u00e9tier qui t\u00e9moigne de son sens de l\u2019\u00e9coute, de la transmission et de son engagement humain. Par ailleurs, il est \u00e9galement connu localement pour ses activit\u00e9s de conteur, musicien et professeur de karat\u00e9, illustrant un parcours riche plac\u00e9 sous le signe de la p\u00e9dagogie et du partage.<\/p>\n<p>Le <span style=\"color: #1423a0\"><strong>CDK92<\/strong><\/span> est particuli\u00e8rement fier de pouvoir compter sur les comp\u00e9tences, les valeurs et l\u2019exp\u00e9rience d\u2019<span style=\"color: #dc2d5a\"><strong>Amour<\/strong><\/span> pour mener \u00e0 bien cette mission essentielle. Nous sommes convaincus qu\u2019il saura \u00eatre un point d\u2019appui qualifi\u00e9, form\u00e9 et identifi\u00e9 au service des licenci\u00e9s, des familles et des clubs du d\u00e9partement.<\/p>\n<p>Nous lui adressons tous <span style=\"color: #1423a0\"><strong>nos v\u0153ux de r\u00e9ussite<\/strong><\/span> dans ses nouvelles fonctions et le remercions pour son engagement au service d\u2019un karat\u00e9 plus s\u00fbr, plus inclusif et plus respectueux pour toutes et tous.<\/p>\n<p>F\u00e9licitations \u00e0 <span style=\"color: #dc2d5a\"><strong>Amour MAKOUAYA<\/strong><\/span> pour cette nomination et bienvenue dans cette mission au service de la protection et du bien-\u00eatre de nos licenci\u00e9s ![\/vc_column_text][\/vc_column][\/vc_row]<\/p>\n<\/div>","protected":false},"excerpt":{"rendered":"<p>[vc_row][vc_column][vc_column_text]Le Comit\u00e9 D\u00e9partemental de Karat\u00e9 et disciplines associ\u00e9es des Hauts-de-Seine a le plaisir d\u2019annoncer la nomination de M. Amour MAKOUAYA au poste de R\u00e9f\u00e9rent LVSS (Lutte contre les Violences Sexistes et Sexuelles).<\/p>\n","protected":false},"author":87,"featured_media":18688,"comment_status":"open","ping_status":"open","sticky":false,"template":"","format":"standard","meta":{"footnotes":""},"categories":[5,1],"tags":[78],"class_list":["post-18685","post","type-post","status-publish","format-standard","hentry","category-actualites","category-non-classe","tag-actualites"],"_links":{"self":[{"href":"https:\/\/sites.ffkarate.fr\/hautsdeseine\/wp-json\/wp\/v2\/posts\/18685","targetHints":{"allow":["GET"]}}],"collection":[{"href":"https:\/\/sites.ffkarate.fr\/hautsdeseine\/wp-json\/wp\/v2\/posts"}],"about":[{"href":"https:\/\/sites.ffkarate.fr\/hautsdeseine\/wp-json\/wp\/v2\/types\/post"}],"author":[{"embeddable":true,"href":"https:\/\/sites.ffkarate.fr\/hautsdeseine\/wp-json\/wp\/v2\/users\/87"}],"replies":[{"embeddable":true,"href":"https:\/\/sites.ffkarate.fr\/hautsdeseine\/wp-json\/wp\/v2\/comments?post=18685"}],"version-history":[{"count":2,"href":"https:\/\/sites.ffkarate.fr\/hautsdeseine\/wp-json\/wp\/v2\/posts\/18685\/revisions"}],"predecessor-version":[{"id":18687,"href":"https:\/\/sites.ffkarate.fr\/hautsdeseine\/wp-json\/wp\/v2\/posts\/18685\/revisions\/18687"}],"wp:featuredmedia":[{"embeddable":true,"href":"https:\/\/sites.ffkarate.fr\/hautsdeseine\/wp-json\/wp\/v2\/media\/18688"}],"wp:attachment":[{"href":"https:\/\/sites.ffkarate.fr\/hautsdeseine\/wp-json\/wp\/v2\/media?parent=18685"}],"wp:term":[{"taxonomy":"category","embeddable":true,"href":"https:\/\/sites.ffkarate.fr\/hautsdeseine\/wp-json\/wp\/v2\/categories?post=18685"},{"taxonomy":"post_tag","embeddable":true,"href":"https:\/\/sites.ffkarate.fr\/hautsdeseine\/wp-json\/wp\/v2\/tags?post=18685"}],"curies":[{"name":"wp","href":"https:\/\/api.w.org\/{rel}","templated":true}]}}