{"id":18689,"date":"2026-09-03T14:10:20","date_gmt":"2026-09-03T12:10:20","guid":{"rendered":"https:\/\/sites.ffkarate.fr\/hautsdeseine\/?p=18689"},"modified":"2026-09-03T14:10:57","modified_gmt":"2026-09-03T12:10:57","slug":"appel-a-cotisation-federale-saison-2026-2027","status":"publish","type":"post","link":"https:\/\/sites.ffkarate.fr\/hautsdeseine\/2026\/09\/03\/appel-a-cotisation-federale-saison-2026-2027\/","title":{"rendered":"Appel \u00e0 cotisation f\u00e9d\u00e9rale &#8211; Saison 2026-2027"},"content":{"rendered":"<div class=\"wpb-content-wrapper\"><p>[vc_row][vc_column][vc_column_text]La <span style=\"color: #1423a0\"><strong>Ligue \u00cele-de-France de Karat\u00e9 et Disciplines Associ\u00e9es<\/strong><\/span> lance son appel \u00e0 cotisation pour la <span style=\"color: #dc2d5a\"><strong>saison sportive 2026-2027<\/strong><\/span>.<!--more--><\/p>\n<p>Le montant de la cotisation pour la saison 2026-2027 est fix\u00e9 comme suit :<\/p>\n<ul>\n<li><em>Club de moins de 50 licenci\u00e9s : <strong>150 \u20ac<\/strong><\/em>*<\/li>\n<li><em>Club de 51 \u00e0 150 licenci\u00e9s : <strong>200 \u20ac<\/strong><\/em>*<\/li>\n<li><em>Club de plus de 150 licenci\u00e9s : <strong>250 \u20ac<\/strong><\/em>*<\/li>\n<\/ul>\n<p><span style=\"color: #dc2d5a\"><strong>Modalit\u00e9s de r\u00e8glement :<\/strong><\/span><\/p>\n<p>Le formulaire accompagn\u00e9 de votre r\u00e8glement (<em><strong>virement bancaire<\/strong> ou par <strong>ch\u00e8que<\/strong><\/em>) doit \u00eatre adress\u00e9 \u00e0 la <span style=\"color: #1423a0\"><strong>Ligue \u00cele-de-France de Karat\u00e9 et Disciplines Associ\u00e9es<\/strong><\/span>, et <span style=\"color: #dc2d5a\"><strong>non au Comit\u00e9 D\u00e9partemental<\/strong><\/span>.<\/p>\n<p>L\u2019envoi peut \u00eatre effectu\u00e9 :<\/p>\n<ul>\n<li>Ou par <span style=\"color: #1423a0\"><strong>courriel<\/strong><\/span> \u00e0 l\u2019adresse suivante : <a href=\"mailto:idf@ffkarate.fr\"><span style=\"color: #dc2d5a\"><strong>idf@ffkarate.fr<\/strong><\/span><\/a> (<em>en joignant le justificatif\u00a0 du virement<\/em>).<\/li>\n<li>Ou par <span style=\"color: #1423a0\"><strong>courrier<\/strong><\/span> ;<\/li>\n<\/ul>\n<p><span style=\"color: #dc2d5a\"><strong>Le r\u00e8glement par virement bancaire est vivement conseill\u00e9.<\/strong><\/span> Afin de faciliter le traitement des paiements, merci de pr\u00e9ciser obligatoirement dans<span style=\"color: #1423a0\"><strong> le libell\u00e9 du virement<\/strong><\/span> le <span style=\"color: #dc2d5a\"><strong>num\u00e9ro du club<\/strong><\/span> ainsi que le <span style=\"color: #1423a0\"><strong>nom du club<\/strong><\/span>. Cette information est indispensable pour identifier correctement votre r\u00e8glement.<\/p>\n<p><span style=\"color: #dc2d5a\"><strong>Pourquoi cette cotisation est-elle importante ?<\/strong><\/span><\/p>\n<p>Le r\u00e8glement de cette cotisation est <span style=\"color: #1423a0\"><strong>indispensable au bon fonctionnement du CDK92<\/strong><\/span>. Il contribue directement \u00e0 l\u2019organisation des <span style=\"color: #dc2d5a\"><strong>stages<\/strong><\/span>, <span style=\"color: #1423a0\"><strong>comp\u00e9titions<\/strong><\/span>, <span style=\"color: #dc2d5a\"><strong>formations<\/strong><\/span> et <span style=\"color: #1423a0\"><strong>\u00e9v\u00e9nements sportifs<\/strong><\/span> au b\u00e9n\u00e9fice de l\u2019ensemble des clubs et des licenci\u00e9s.<\/p>\n<p><span style=\"color: #dc2d5a\">* <strong>Nombre de licenci\u00e9s arr\u00eat\u00e9 au 31 juillet 2026.<\/strong><\/span>[\/vc_column_text][\/vc_column][\/vc_row]<\/p>\n<\/div>","protected":false},"excerpt":{"rendered":"<p>[vc_row][vc_column][vc_column_text]La Ligue \u00cele-de-France de Karat\u00e9 et Disciplines Associ\u00e9es lance son appel \u00e0 cotisation pour la saison sportive 2026-2027.<\/p>\n","protected":false},"author":87,"featured_media":18692,"comment_status":"closed","ping_status":"closed","sticky":false,"template":"","format":"standard","meta":{"footnotes":""},"categories":[25],"tags":[74],"class_list":["post-18689","post","type-post","status-publish","format-standard","hentry","category-comite-departemental","tag-vie-des-clubs"],"_links":{"self":[{"href":"https:\/\/sites.ffkarate.fr\/hautsdeseine\/wp-json\/wp\/v2\/posts\/18689","targetHints":{"allow":["GET"]}}],"collection":[{"href":"https:\/\/sites.ffkarate.fr\/hautsdeseine\/wp-json\/wp\/v2\/posts"}],"about":[{"href":"https:\/\/sites.ffkarate.fr\/hautsdeseine\/wp-json\/wp\/v2\/types\/post"}],"author":[{"embeddable":true,"href":"https:\/\/sites.ffkarate.fr\/hautsdeseine\/wp-json\/wp\/v2\/users\/87"}],"replies":[{"embeddable":true,"href":"https:\/\/sites.ffkarate.fr\/hautsdeseine\/wp-json\/wp\/v2\/comments?post=18689"}],"version-history":[{"count":4,"href":"https:\/\/sites.ffkarate.fr\/hautsdeseine\/wp-json\/wp\/v2\/posts\/18689\/revisions"}],"predecessor-version":[{"id":18694,"href":"https:\/\/sites.ffkarate.fr\/hautsdeseine\/wp-json\/wp\/v2\/posts\/18689\/revisions\/18694"}],"wp:featuredmedia":[{"embeddable":true,"href":"https:\/\/sites.ffkarate.fr\/hautsdeseine\/wp-json\/wp\/v2\/media\/18692"}],"wp:attachment":[{"href":"https:\/\/sites.ffkarate.fr\/hautsdeseine\/wp-json\/wp\/v2\/media?parent=18689"}],"wp:term":[{"taxonomy":"category","embeddable":true,"href":"https:\/\/sites.ffkarate.fr\/hautsdeseine\/wp-json\/wp\/v2\/categories?post=18689"},{"taxonomy":"post_tag","embeddable":true,"href":"https:\/\/sites.ffkarate.fr\/hautsdeseine\/wp-json\/wp\/v2\/tags?post=18689"}],"curies":[{"name":"wp","href":"https:\/\/api.w.org\/{rel}","templated":true}]}}