{"id":1960,"date":"2016-03-11T10:02:03","date_gmt":"2016-03-11T09:02:03","guid":{"rendered":"https:\/\/sites.ffkarate.fr\/liguehautsdeseine\/?post_type=news&amp;p=1960"},"modified":"2016-03-11T10:02:03","modified_gmt":"2016-03-11T09:02:03","slug":"championnat-inter-regions-min-cad-combats","status":"publish","type":"post","link":"https:\/\/sites.ffkarate.fr\/hautsdeseine\/2016\/03\/11\/championnat-inter-regions-min-cad-combats\/","title":{"rendered":"Championnat Inter-R\u00e9gions Min &#8211; Cad &#8211; Combats"},"content":{"rendered":"<div class=\"wpb-content-wrapper\"><p>[vc_row][vc_column][vc_column_text]Le\u00a0<strong>dimanche 6 mars 2016<\/strong> avait lieu le championnat\u00a0Inter-R\u00e9gions combats en minimes et cadets qualificatif pour le championnat de France.<\/p>\n<p>Retrouvez ci-dessous, les photos des podium\u00e9s et les r\u00e9sultats.<\/p>\n<p><!--more--><\/p>\n<p><span style=\"color: #000080\"><strong><a style=\"color: #000080\" href=\"https:\/\/sites.ffkarate.fr\/hautsdeseine\/wp-content\/uploads\/sites\/57\/2016\/03\/20160306_Championnat_IR_MIN_CAD_Combat_Resultats.pdf\" target=\"_blank\" rel=\"noopener\">R\u00e9sultats du championnat Inter-R\u00e9gions Combats pour les minimes et cadets\u00a0du dimanche 6\u00a0mars 2016<\/a><\/strong><\/span><\/p>\n<p><a href=\"https:\/\/sites.ffkarate.fr\/hautsdeseine\/wp-content\/uploads\/sites\/57\/2016\/03\/20160306_Championnat_IR_MIN_CAD_Lea_DEBARROS_1er_Minimes_-40kg_Combat.jpg\"><img decoding=\"async\" class=\"aligncenter size-full wp-image-1998\" src=\"https:\/\/sites.ffkarate.fr\/hautsdeseine\/wp-content\/uploads\/sites\/57\/2016\/03\/20160306_Championnat_IR_MIN_CAD_Lea_DEBARROS_1er_Minimes_-40kg_Combat.jpg\" alt=\"20160306_Championnat_IR_MIN_CAD_Lea_DEBARROS_1er_Minimes_-40kg_Combat\" width=\"600\" height=\"800\" \/><\/a><\/p>\n<p style=\"text-align: center\"><strong>L\u00e9a DE BARROS<\/strong>\u00a0(<em>AKDL<\/em>) 1\u00e8re en minimes -40kg<\/p>\n<p><a href=\"https:\/\/sites.ffkarate.fr\/hautsdeseine\/wp-content\/uploads\/sites\/57\/2016\/03\/20160306_Championnat_IR_MIN_CAD_Tany-Mael_RAZAFIMAHERY_1er_Minimes_-65kg_Combat.png\"><img decoding=\"async\" class=\"aligncenter size-full wp-image-1959\" src=\"https:\/\/sites.ffkarate.fr\/hautsdeseine\/wp-content\/uploads\/sites\/57\/2016\/03\/20160306_Championnat_IR_MIN_CAD_Tany-Mael_RAZAFIMAHERY_1er_Minimes_-65kg_Combat.png\" alt=\"20160306_Championnat_IR_MIN_CAD_Tany-Ma\u00ebl_RAZAFIMAHERY_1er_Minimes_+65kg_Combat\" width=\"600\" height=\"799\" \/><\/a><\/p>\n<p style=\"text-align: center\"><strong>Tany-Ma\u00ebl RAZAFIMAHERY<\/strong>\u00a0(<em>Vanves<\/em>) 1er\u00a0en minimes +65kg<\/p>\n<p><a href=\"https:\/\/sites.ffkarate.fr\/hautsdeseine\/wp-content\/uploads\/sites\/57\/2016\/03\/20160306_Championnat_IR_MIN_CAD_Alyssa_DARNOIS_2eme_Minimes_-35kg_Combat.jpg\"><img decoding=\"async\" class=\"aligncenter size-full wp-image-1937\" src=\"https:\/\/sites.ffkarate.fr\/hautsdeseine\/wp-content\/uploads\/sites\/57\/2016\/03\/20160306_Championnat_IR_MIN_CAD_Alyssa_DARNOIS_2eme_Minimes_-35kg_Combat.jpg\" alt=\"20160306_Championnat_IR_MIN_CAD_Alyssa_DARNOIS_2eme_Minimes_-35kg_Combat\" width=\"600\" height=\"419\" \/><\/a><\/p>\n<p style=\"text-align: center\"><strong>Alyssa DARNOIS<\/strong> (<em>CSK<\/em>) 2\u00e8me en minimes -35 kg<\/p>\n<p style=\"text-align: center\"><a href=\"https:\/\/sites.ffkarate.fr\/hautsdeseine\/wp-content\/uploads\/sites\/57\/2016\/03\/20160306_Championnat_IR_MIN_CAD_Tania_DEBARROS_3eme_Cadette_-54kg_Combat.jpg\"><img decoding=\"async\" class=\"aligncenter size-full wp-image-1999\" src=\"https:\/\/sites.ffkarate.fr\/hautsdeseine\/wp-content\/uploads\/sites\/57\/2016\/03\/20160306_Championnat_IR_MIN_CAD_Tania_DEBARROS_3eme_Cadette_-54kg_Combat.jpg\" alt=\"20160306_Championnat_IR_MIN_CAD_Tania_DEBARROS_3eme_Cadette_-54kg_Combat\" width=\"600\" height=\"800\" \/><\/a><\/p>\n<p style=\"text-align: center\">\n<p style=\"text-align: center\"><strong>Tania\u00a0DE BARROS<\/strong>\u00a0(<em>AKDL<\/em>) 3\u00e8me\u00a0en cadette -54kg<\/p>\n<p style=\"text-align: justify\">Si vous voulez que les photos de vos comp\u00e9titeurs soient publi\u00e9s, n&rsquo;h\u00e9sitez pas \u00e0 les envoyer \u00e0 la ligue :\u00a0<span style=\"color: #000080\"><strong><a style=\"color: #000080\" href=\"mailto:ligue92.ffkarate@gmail.com\" target=\"_blank\" rel=\"noopener\">ligue92.ffkarate@gmail.com<\/a><\/strong><\/span><\/p>\n<p>[\/vc_column_text][\/vc_column][\/vc_row]<\/p>\n<\/div>","protected":false},"excerpt":{"rendered":"<p>[vc_row][vc_column][vc_column_text]Le\u00a0dimanche 6 mars 2016 avait lieu le championnat\u00a0Inter-R\u00e9gions combats en minimes et cadets qualificatif pour le championnat de France. Retrouvez ci-dessous, les photos des podium\u00e9s et les r\u00e9sultats.<\/p>\n","protected":false},"author":87,"featured_media":1959,"comment_status":"closed","ping_status":"closed","sticky":false,"template":"","format":"standard","meta":{"footnotes":""},"categories":[1],"tags":[],"class_list":["post-1960","post","type-post","status-publish","format-standard","hentry","category-non-classe"],"_links":{"self":[{"href":"https:\/\/sites.ffkarate.fr\/hautsdeseine\/wp-json\/wp\/v2\/posts\/1960","targetHints":{"allow":["GET"]}}],"collection":[{"href":"https:\/\/sites.ffkarate.fr\/hautsdeseine\/wp-json\/wp\/v2\/posts"}],"about":[{"href":"https:\/\/sites.ffkarate.fr\/hautsdeseine\/wp-json\/wp\/v2\/types\/post"}],"author":[{"embeddable":true,"href":"https:\/\/sites.ffkarate.fr\/hautsdeseine\/wp-json\/wp\/v2\/users\/87"}],"replies":[{"embeddable":true,"href":"https:\/\/sites.ffkarate.fr\/hautsdeseine\/wp-json\/wp\/v2\/comments?post=1960"}],"version-history":[{"count":0,"href":"https:\/\/sites.ffkarate.fr\/hautsdeseine\/wp-json\/wp\/v2\/posts\/1960\/revisions"}],"wp:featuredmedia":[{"embeddable":true,"href":"https:\/\/sites.ffkarate.fr\/hautsdeseine\/wp-json\/wp\/v2\/media\/1959"}],"wp:attachment":[{"href":"https:\/\/sites.ffkarate.fr\/hautsdeseine\/wp-json\/wp\/v2\/media?parent=1960"}],"wp:term":[{"taxonomy":"category","embeddable":true,"href":"https:\/\/sites.ffkarate.fr\/hautsdeseine\/wp-json\/wp\/v2\/categories?post=1960"},{"taxonomy":"post_tag","embeddable":true,"href":"https:\/\/sites.ffkarate.fr\/hautsdeseine\/wp-json\/wp\/v2\/tags?post=1960"}],"curies":[{"name":"wp","href":"https:\/\/api.w.org\/{rel}","templated":true}]}}