{"id":2761,"date":"2016-09-28T22:54:14","date_gmt":"2016-09-28T20:54:14","guid":{"rendered":"https:\/\/sites.ffkarate.fr\/liguehautsdeseine\/?post_type=news&amp;p=2761"},"modified":"2016-09-28T22:54:14","modified_gmt":"2016-09-28T20:54:14","slug":"podiums-lion-cup-luxembourg","status":"publish","type":"post","link":"https:\/\/sites.ffkarate.fr\/hautsdeseine\/2016\/09\/28\/podiums-lion-cup-luxembourg\/","title":{"rendered":"Podiums Lion Cup \u2013 Luxembourg"},"content":{"rendered":"<div class=\"wpb-content-wrapper\"><p>[vc_row][vc_column][vc_column_text]Le <strong>samedi 10 septembre 2016<\/strong> avait lieu la <strong>Lion Cup<\/strong> au <strong>Luxembourg<\/strong>. Premiers podiums pour la Ligue des Hauts-De-Seine de Karat\u00e9 avec <strong>L\u00e9a<\/strong> et <strong>Tania DE BARROS<\/strong> de l&rsquo;<strong>AKDLevallois<\/strong> toutes les deux vainqueurs de leur cat\u00e9gorie.<\/p>\n<p>Les photos du podium en cliquant sur lire la suite&#8230;<\/p>\n<p><!--more--><\/p>\n<p><a href=\"https:\/\/sites.ffkarate.fr\/hautsdeseine\/wp-content\/uploads\/sites\/57\/2016\/09\/20160910_Lion_Cup_Luxembourg_Tania_DE_BARROS_AKDL_1ere_U16_-54kg_Feminine.jpg\"><img decoding=\"async\" class=\"aligncenter size-full wp-image-2748\" src=\"https:\/\/sites.ffkarate.fr\/hautsdeseine\/wp-content\/uploads\/sites\/57\/2016\/09\/20160910_Lion_Cup_Luxembourg_Tania_DE_BARROS_AKDL_1ere_U16_-54kg_Feminine.jpg\" alt=\"20160910_lion_cup_luxembourg_tania_de_barros_akdl_1ere_u16_-54kg_feminine\" width=\"600\" height=\"459\" \/><\/a><\/p>\n<p style=\"text-align: center\"><strong>Tania\u00a0DE BARROS\u00a0<\/strong>(<em>AKD Levallois<\/em>) \u00a0&#8211; 1\u00e8re en U16\u00a0-54kg f\u00e9minine &#8211; <em>2\u00e8me en partant de la gauche sur la photo<\/em><\/p>\n<p><img decoding=\"async\" class=\"aligncenter size-full wp-image-2747\" src=\"https:\/\/sites.ffkarate.fr\/hautsdeseine\/wp-content\/uploads\/sites\/57\/2016\/09\/20160910_Lion_Cup_Luxembourg_Lea_DE_BARROS_AKDL_1ere_U14_-50kg_Feminine.jpg\" alt=\"20160910_lion_cup_luxembourg_lea_de_barros_akdl_1ere_u14_-50kg_feminine\" width=\"600\" height=\"405\" \/><\/p>\n<p style=\"text-align: center\"><strong>L\u00e9a DE BARROS<\/strong>\u00a0(<em>AKD Levallois<\/em>) &#8211; 1\u00e8re\u00a0en U14 -50kg f\u00e9minine &#8211;\u00a0 <em>2\u00e8me sur la photo en partant de la\u00a0gauche<\/em><\/p>\n<p style=\"text-align: left\">Retrouver tous les podiums en cliquant sur la page <strong><span style=\"color: #003366\"><a style=\"color: #003366\" href=\"https:\/\/sites.ffkarate.fr\/liguehautsdeseine\/competitions\/podiums\/\">PODIUMS<\/a><\/span><\/strong><\/p>\n<p>[\/vc_column_text][\/vc_column][\/vc_row]<\/p>\n<\/div>","protected":false},"excerpt":{"rendered":"<p>[vc_row][vc_column][vc_column_text]Le samedi 10 septembre 2016 avait lieu la Lion Cup au Luxembourg. Premiers podiums pour la Ligue des Hauts-De-Seine de Karat\u00e9 avec L\u00e9a et Tania DE BARROS de l&rsquo;AKDLevallois toutes les deux vainqueurs de leur cat\u00e9gorie. Les photos du podium en cliquant sur lire la suite&#8230;<\/p>\n","protected":false},"author":87,"featured_media":2748,"comment_status":"closed","ping_status":"closed","sticky":false,"template":"","format":"standard","meta":{"footnotes":""},"categories":[1],"tags":[],"class_list":["post-2761","post","type-post","status-publish","format-standard","hentry","category-non-classe"],"_links":{"self":[{"href":"https:\/\/sites.ffkarate.fr\/hautsdeseine\/wp-json\/wp\/v2\/posts\/2761","targetHints":{"allow":["GET"]}}],"collection":[{"href":"https:\/\/sites.ffkarate.fr\/hautsdeseine\/wp-json\/wp\/v2\/posts"}],"about":[{"href":"https:\/\/sites.ffkarate.fr\/hautsdeseine\/wp-json\/wp\/v2\/types\/post"}],"author":[{"embeddable":true,"href":"https:\/\/sites.ffkarate.fr\/hautsdeseine\/wp-json\/wp\/v2\/users\/87"}],"replies":[{"embeddable":true,"href":"https:\/\/sites.ffkarate.fr\/hautsdeseine\/wp-json\/wp\/v2\/comments?post=2761"}],"version-history":[{"count":0,"href":"https:\/\/sites.ffkarate.fr\/hautsdeseine\/wp-json\/wp\/v2\/posts\/2761\/revisions"}],"wp:featuredmedia":[{"embeddable":true,"href":"https:\/\/sites.ffkarate.fr\/hautsdeseine\/wp-json\/wp\/v2\/media\/2748"}],"wp:attachment":[{"href":"https:\/\/sites.ffkarate.fr\/hautsdeseine\/wp-json\/wp\/v2\/media?parent=2761"}],"wp:term":[{"taxonomy":"category","embeddable":true,"href":"https:\/\/sites.ffkarate.fr\/hautsdeseine\/wp-json\/wp\/v2\/categories?post=2761"},{"taxonomy":"post_tag","embeddable":true,"href":"https:\/\/sites.ffkarate.fr\/hautsdeseine\/wp-json\/wp\/v2\/tags?post=2761"}],"curies":[{"name":"wp","href":"https:\/\/api.w.org\/{rel}","templated":true}]}}