{"id":3385,"date":"2017-02-12T15:41:11","date_gmt":"2017-02-12T14:41:11","guid":{"rendered":"https:\/\/sites.ffkarate.fr\/hautsdeseine\/?post_type=news&amp;p=3385"},"modified":"2017-02-12T15:41:11","modified_gmt":"2017-02-12T14:41:11","slug":"stage-avec-steven-da-costa","status":"publish","type":"post","link":"https:\/\/sites.ffkarate.fr\/hautsdeseine\/2017\/02\/12\/stage-avec-steven-da-costa\/","title":{"rendered":"Stage avec Steven DA COSTA"},"content":{"rendered":"<div class=\"wpb-content-wrapper\"><p>[vc_row][vc_column][vc_column_text]La ligue r\u00e9gionale IDF organise un stage anim\u00e9 par <strong>Steven DA COSTA<\/strong> (membre de l\u2019\u00e9quipe de France senior combats), le <strong>samedi 4 mars 2017<\/strong> de <strong>15h00<\/strong> \u00e0 <strong>17h00<\/strong>.<\/p>\n<p><!--more--><\/p>\n<p>Ce stage est <span style=\"text-decoration: underline\">gratuit<\/span> et ouvert\u00a0\u00e0 tous les karat\u00e9kas hommes et femmes \u00e0 partir de la ceinture bleue, licenci\u00e9s de la FFKDA Les cat\u00e9gories d\u2019\u00e2ge concern\u00e9es sont\u00a0:<\/p>\n<ul>\n<li>Benjamins\/benjamines (10-11 ans)<\/li>\n<li>Minimes F\/M (12-13 ans)<\/li>\n<li>Cadets\/cadettes (14-15 ans)<\/li>\n<\/ul>\n<p><strong>Adresse :<\/strong><br \/>\nStade Pierre de Coubertin<br \/>\n82 avenue Georges Laffont<br \/>\n75 016 Paris<\/p>\n<p><strong>Renseignements :<\/strong><br \/>\n<strong>Ligue r\u00e9gionale IDF<\/strong> : 01 49 12 98 68 \/ <strong><span style=\"color: #003366\"><a style=\"color: #003366\" href=\"mailto:idf@ffkarate.fr\" target=\"_blank\" rel=\"noopener\">idf@ffkarate.fr<\/a><\/span><\/strong><br \/>\n<strong>Jonathan MARUANI<\/strong>\u00a0:\u00a006 69 34 41 04 \/ <strong><span style=\"color: #003366\"><a style=\"color: #003366\" href=\"mailto:jmaruani@ffkarate.fr\" target=\"_blank\" rel=\"noopener\">jmaruani@ffkarate.fr<\/a><\/span><\/strong><\/p>\n<p><strong><span style=\"color: #003366\"><a style=\"color: #003366\" href=\"https:\/\/sites.ffkarate.fr\/hautsdeseine\/wp-content\/uploads\/sites\/57\/2017\/02\/20170304_Stage_DACOSTA.jpg\" target=\"_blank\" rel=\"noopener\">Affiche au format PDF pour affichage dans votre club<\/a><\/span><\/strong><\/p>\n<p><a href=\"https:\/\/sites.ffkarate.fr\/hautsdeseine\/wp-content\/uploads\/sites\/57\/2017\/02\/20170304_Stage_DACOSTA.jpg\"><img decoding=\"async\" class=\"aligncenter size-full wp-image-3381\" src=\"https:\/\/sites.ffkarate.fr\/hautsdeseine\/wp-content\/uploads\/sites\/57\/2017\/02\/20170304_Stage_DACOSTA.jpg\" alt=\"20170304_Stage_DACOSTA\" width=\"600\" height=\"848\" \/><\/a><\/p>\n<p>Tous les stages sur la page <strong><span style=\"color: #003366\"><a style=\"color: #003366\" href=\"https:\/\/sites.ffkarate.fr\/hautsdeseine\/stages\/stages-hors-departement\/\">Stages Hors D\u00e9partement<\/a><\/span>\u00a0\u00a0\u2b05\ufe0f<\/strong> Cliquez sur ce lien[\/vc_column_text][\/vc_column][\/vc_row]<\/p>\n<\/div>","protected":false},"excerpt":{"rendered":"<p>[vc_row][vc_column][vc_column_text]La ligue r\u00e9gionale IDF organise un stage anim\u00e9 par Steven DA COSTA (membre de l\u2019\u00e9quipe de France senior combats), le samedi 4 mars 2017 de 15h00 \u00e0 17h00.<\/p>\n","protected":false},"author":87,"featured_media":3381,"comment_status":"closed","ping_status":"closed","sticky":false,"template":"","format":"standard","meta":{"footnotes":""},"categories":[1],"tags":[],"class_list":["post-3385","post","type-post","status-publish","format-standard","hentry","category-non-classe"],"_links":{"self":[{"href":"https:\/\/sites.ffkarate.fr\/hautsdeseine\/wp-json\/wp\/v2\/posts\/3385","targetHints":{"allow":["GET"]}}],"collection":[{"href":"https:\/\/sites.ffkarate.fr\/hautsdeseine\/wp-json\/wp\/v2\/posts"}],"about":[{"href":"https:\/\/sites.ffkarate.fr\/hautsdeseine\/wp-json\/wp\/v2\/types\/post"}],"author":[{"embeddable":true,"href":"https:\/\/sites.ffkarate.fr\/hautsdeseine\/wp-json\/wp\/v2\/users\/87"}],"replies":[{"embeddable":true,"href":"https:\/\/sites.ffkarate.fr\/hautsdeseine\/wp-json\/wp\/v2\/comments?post=3385"}],"version-history":[{"count":0,"href":"https:\/\/sites.ffkarate.fr\/hautsdeseine\/wp-json\/wp\/v2\/posts\/3385\/revisions"}],"wp:featuredmedia":[{"embeddable":true,"href":"https:\/\/sites.ffkarate.fr\/hautsdeseine\/wp-json\/wp\/v2\/media\/3381"}],"wp:attachment":[{"href":"https:\/\/sites.ffkarate.fr\/hautsdeseine\/wp-json\/wp\/v2\/media?parent=3385"}],"wp:term":[{"taxonomy":"category","embeddable":true,"href":"https:\/\/sites.ffkarate.fr\/hautsdeseine\/wp-json\/wp\/v2\/categories?post=3385"},{"taxonomy":"post_tag","embeddable":true,"href":"https:\/\/sites.ffkarate.fr\/hautsdeseine\/wp-json\/wp\/v2\/tags?post=3385"}],"curies":[{"name":"wp","href":"https:\/\/api.w.org\/{rel}","templated":true}]}}