{"id":3434,"date":"2017-02-16T22:34:53","date_gmt":"2017-02-16T21:34:53","guid":{"rendered":"https:\/\/sites.ffkarate.fr\/hautsdeseine\/?post_type=news&amp;p=3434"},"modified":"2017-02-16T22:34:53","modified_gmt":"2017-02-16T21:34:53","slug":"stage-de-kobudo-traditionnel-et-sportif","status":"publish","type":"post","link":"https:\/\/sites.ffkarate.fr\/hautsdeseine\/2017\/02\/16\/stage-de-kobudo-traditionnel-et-sportif\/","title":{"rendered":"Stage de Kobudo traditionnel et sportif"},"content":{"rendered":"<div class=\"wpb-content-wrapper\"><p>[vc_row][vc_column][vc_column_text]Le Club de Levallois (LSC), vous propose\u00a0un stage de Kobudo traditionnel et sportif anim\u00e9 par <strong>Pascal GUILLOT<\/strong> (4\u00e8me dan FFKDA et responsable national du Kobudo sportif) accompagn\u00e9 de <strong>Roland NOEL<\/strong> (7\u00e8me Dan FFKDA) le <strong>samedi 18 mars 2017<\/strong>\u00a0\u00e0<b> Levallois<\/b>.<\/p>\n<p><!--more--><\/p>\n<p><strong>Stage gratuit et ouvert \u00e0\u00a0tous :<\/strong><\/p>\n<ul>\n<li>Pour les 6-8 ans de 14h \u00e0 15h<\/li>\n<li>Pour les 9-11 ans de 15h \u00e0 16h<\/li>\n<li>Pour les 12-16 ans de 16h \u00e0 17h30<\/li>\n<li>Pour les 17 ans et + de 17h30 \u00e0 19h<\/li>\n<\/ul>\n<p><strong>Adresse :<\/strong><br \/>\nPalais des Sports Marcel Cerdan<br \/>\n141 rue Danton<br \/>\n92 300 Levallois PERRET<\/p>\n<p><strong>Renseignements :<\/strong><br \/>\n<strong><span style=\"color: #000000\">Jonathan BEQUET<\/span><\/strong><br \/>\nMail :\u00a0<span style=\"color: #003366\"><strong><a style=\"color: #003366\" href=\"mailto:jbequet@gmail.com\" target=\"_blank\" rel=\"noopener\">jbequet@gmail.com<\/a><\/strong><\/span><\/p>\n<p><strong><span style=\"color: #003366\"><a style=\"color: #003366\" href=\"https:\/\/sites.ffkarate.fr\/hautsdeseine\/wp-content\/uploads\/sites\/57\/2017\/02\/20170318_Stage_GUILLOT_Affiche.pdf\" target=\"_blank\" rel=\"noopener\">Affiche\u00a0au format PDF<\/a><\/span>\u00a0\u2b05\ufe0f<\/strong> Cliquez sur ce lien<\/p>\n<p><a href=\"https:\/\/sites.ffkarate.fr\/hautsdeseine\/wp-content\/uploads\/sites\/57\/2017\/02\/20170318_Stage_GUILLOT_Affiche.png\"><img decoding=\"async\" class=\"aligncenter size-large wp-image-3432\" src=\"https:\/\/sites.ffkarate.fr\/hautsdeseine\/wp-content\/uploads\/sites\/57\/2017\/02\/20170318_Stage_GUILLOT_Affiche-791x1024.png\" alt=\"20170318_Stage_GUILLOT_Affiche\" width=\"640\" height=\"829\" \/><\/a><\/p>\n<p>&nbsp;<\/p>\n<p>Retrouvez tous les stages des clubs du 92 la page <strong><span style=\"color: #003366\"><a style=\"color: #003366\" href=\"https:\/\/sites.ffkarate.fr\/hautsdeseine\/stages\/stages-club-92\/\" target=\"_blank\" rel=\"noopener\">Stages Club du 92<\/a>\u00a0<\/span>\u2b05\ufe0f<\/strong> Cliquez sur ce lien[\/vc_column_text][\/vc_column][\/vc_row]<\/p>\n<\/div>","protected":false},"excerpt":{"rendered":"<p>[vc_row][vc_column][vc_column_text]Le Club de Levallois (LSC), vous propose\u00a0un stage de Kobudo traditionnel et sportif anim\u00e9 par Pascal GUILLOT (4\u00e8me dan FFKDA et responsable national du Kobudo sportif) accompagn\u00e9 de Roland NOEL (7\u00e8me Dan FFKDA) le samedi 18 mars 2017\u00a0\u00e0 Levallois.<\/p>\n","protected":false},"author":87,"featured_media":3432,"comment_status":"closed","ping_status":"closed","sticky":false,"template":"","format":"standard","meta":{"footnotes":""},"categories":[1],"tags":[],"class_list":["post-3434","post","type-post","status-publish","format-standard","hentry","category-non-classe"],"_links":{"self":[{"href":"https:\/\/sites.ffkarate.fr\/hautsdeseine\/wp-json\/wp\/v2\/posts\/3434","targetHints":{"allow":["GET"]}}],"collection":[{"href":"https:\/\/sites.ffkarate.fr\/hautsdeseine\/wp-json\/wp\/v2\/posts"}],"about":[{"href":"https:\/\/sites.ffkarate.fr\/hautsdeseine\/wp-json\/wp\/v2\/types\/post"}],"author":[{"embeddable":true,"href":"https:\/\/sites.ffkarate.fr\/hautsdeseine\/wp-json\/wp\/v2\/users\/87"}],"replies":[{"embeddable":true,"href":"https:\/\/sites.ffkarate.fr\/hautsdeseine\/wp-json\/wp\/v2\/comments?post=3434"}],"version-history":[{"count":0,"href":"https:\/\/sites.ffkarate.fr\/hautsdeseine\/wp-json\/wp\/v2\/posts\/3434\/revisions"}],"wp:featuredmedia":[{"embeddable":true,"href":"https:\/\/sites.ffkarate.fr\/hautsdeseine\/wp-json\/wp\/v2\/media\/3432"}],"wp:attachment":[{"href":"https:\/\/sites.ffkarate.fr\/hautsdeseine\/wp-json\/wp\/v2\/media?parent=3434"}],"wp:term":[{"taxonomy":"category","embeddable":true,"href":"https:\/\/sites.ffkarate.fr\/hautsdeseine\/wp-json\/wp\/v2\/categories?post=3434"},{"taxonomy":"post_tag","embeddable":true,"href":"https:\/\/sites.ffkarate.fr\/hautsdeseine\/wp-json\/wp\/v2\/tags?post=3434"}],"curies":[{"name":"wp","href":"https:\/\/api.w.org\/{rel}","templated":true}]}}