{"id":3445,"date":"2017-02-22T17:24:22","date_gmt":"2017-02-22T16:24:22","guid":{"rendered":"https:\/\/sites.ffkarate.fr\/hautsdeseine\/?post_type=news&amp;p=3445"},"modified":"2017-02-22T17:24:22","modified_gmt":"2017-02-22T16:24:22","slug":"resultats-coupe-de-france-combine","status":"publish","type":"post","link":"https:\/\/sites.ffkarate.fr\/hautsdeseine\/2017\/02\/22\/resultats-coupe-de-france-combine\/","title":{"rendered":"R\u00e9sultats Coupe de France Combin\u00e9"},"content":{"rendered":"<div class=\"wpb-content-wrapper\"><p>[vc_row][vc_column][vc_column_text]Le<strong> samedi\u00a018 f\u00e9vrier 2017\u00a0<\/strong>avait lieu la coupe de France combin\u00e9 en Kata et Combat au gymnase L\u00e9o Lagrange de Paris. 5 podiums pour le Comit\u00e9 D\u00e9partemental dont deux titres !! Le comit\u00e9 d\u00e9partemental f\u00e9licite les\u00a0m\u00e9daill\u00e9s !! R\u00e9sultats et photos des podiums en cliquant sur \u00ab\u00a0<em>lire la suite<\/em>\u00ab\u00a0.<\/p>\n<p><!--more--><\/p>\n<p><strong>1\u00e8re\u00a0place :<\/strong><\/p>\n<ul>\n<li><strong>Chatveek THIVENDRARAJAH\u00a0<\/strong>(<em>CSM Puteaux<\/em>) &#8211; Minime masculin\u00a0-65kg<\/li>\n<li><strong>Wissem RACHDI\u00a0<\/strong>(<i>Villeneuve-La-Garenne<\/i>) &#8211;\u00a0Cadet f\u00e9minine -54kg<\/li>\n<\/ul>\n<p><strong>3\u00e8me place :<\/strong><\/p>\n<ul>\n<li><strong>Thibault VOINDROT\u00a0<\/strong>(<i>Villeneuve-La-Garenne<\/i>) &#8211; Minime masculin\u00a0-45kg<\/li>\n<li><strong>Elisa BOEHM\u00a0<\/strong>(<i>Arts Martiaux Garennois<\/i>) &#8211; Minime f\u00e9minine\u00a0-45kg<\/li>\n<li><strong>Nora AKRATI<\/strong> (<em>KC Colombes<\/em>) &#8211; Junior f\u00e9minine Open<\/li>\n<\/ul>\n<p><span style=\"color: #003366\"><a style=\"color: #003366\" href=\"https:\/\/sites.ffkarate.fr\/hautsdeseine\/wp-content\/uploads\/sites\/57\/2017\/02\/20170218_Coupe_De_France_Combine_Resultats.pdf\" target=\"_blank\" rel=\"noopener\"><strong>R\u00e9sultats<span style=\"color: #000080\">\u00a0de la coupe de France Karat\u00e9 Combin\u00e9 Kata et Combat du samedi 18 f\u00e9vrier\u00a02017<\/span><\/strong><\/a><\/span><\/p>\n<p>&nbsp;<\/p>\n<p><a href=\"https:\/\/sites.ffkarate.fr\/hautsdeseine\/wp-content\/uploads\/sites\/57\/2017\/02\/20170218_Coupe_De_France_Combine_Wissem_RACHDI_Villeneuve_1ere_Cadette_-54kg.jpg\"><img decoding=\"async\" class=\"aligncenter wp-image-3439\" src=\"https:\/\/sites.ffkarate.fr\/hautsdeseine\/wp-content\/uploads\/sites\/57\/2017\/02\/20170218_Coupe_De_France_Combine_Wissem_RACHDI_Villeneuve_1ere_Cadette_-54kg.jpg\" alt=\"20170218_Coupe_De_France_Combine_Wissem_RACHDI_Villeneuve_1ere_Cadette_-54kg\" width=\"600\" height=\"375\" \/><\/a><\/p>\n<p style=\"text-align: center\"><strong>Wissem RACHDI\u00a0<\/strong>(<i>Villeneuve-La-Garenne<\/i>) &#8211; <strong>1\u00e8re<\/strong> &#8211; Cadet f\u00e9minine -54kg<\/p>\n<p style=\"text-align: center\"><a href=\"https:\/\/sites.ffkarate.fr\/hautsdeseine\/wp-content\/uploads\/sites\/57\/2017\/02\/20170218_Coupe_De_France_Combine_Chat_THIV_KCC_1er_Minime_-65kg.jpg\"><img decoding=\"async\" class=\"aligncenter wp-image-3440\" src=\"https:\/\/sites.ffkarate.fr\/hautsdeseine\/wp-content\/uploads\/sites\/57\/2017\/02\/20170218_Coupe_De_France_Combine_Chat_THIV_KCC_1er_Minime_-65kg-1024x765.jpg\" alt=\"20170218_Coupe_De_France_Combine_Chat_THIV_KCC_1er_Minime_-65kg\" width=\"600\" height=\"448\" \/><\/a><\/p>\n<p style=\"text-align: center\"><strong>Chatveek THIVENDRARAJAH\u00a0<\/strong>(<em>CSM Puteaux<\/em>) &#8211; <strong>1er<\/strong> &#8211; Minime masculin\u00a0-65kg<\/p>\n<p><a href=\"https:\/\/sites.ffkarate.fr\/hautsdeseine\/wp-content\/uploads\/sites\/57\/2017\/02\/20170218_Coupe_De_France_Combine_Norah_AKRATI_KCC_3eme_Junior_Open.jpg\"><img decoding=\"async\" class=\"aligncenter wp-image-3441\" src=\"https:\/\/sites.ffkarate.fr\/hautsdeseine\/wp-content\/uploads\/sites\/57\/2017\/02\/20170218_Coupe_De_France_Combine_Norah_AKRATI_KCC_3eme_Junior_Open.jpg\" alt=\"20170218_Coupe_De_France_Combine_Norah_AKRATI_KCC_3eme_Junior_Open\" width=\"600\" height=\"449\" \/><\/a><\/p>\n<p style=\"text-align: center\"><strong>Nora AKRATI<\/strong> (<em>KC Colombes<\/em>) &#8211; <strong>3\u00e8me<\/strong> &#8211; Junior f\u00e9minine Open<\/p>\n<p style=\"text-align: center\">(1\u00e8re<em>\u00a0sur la photo en commen\u00e7ant par la droite)<\/em><\/p>\n<p style=\"text-align: center\"><a href=\"https:\/\/sites.ffkarate.fr\/hautsdeseine\/wp-content\/uploads\/sites\/57\/2017\/02\/20170218_Coupe_De_France_Combine_Thibault_VOINDROT_Villeneuve_3eme_Minime_-45kg.jpg\"><img decoding=\"async\" class=\"aligncenter size-large wp-image-3442\" src=\"https:\/\/sites.ffkarate.fr\/hautsdeseine\/wp-content\/uploads\/sites\/57\/2017\/02\/20170218_Coupe_De_France_Combine_Thibault_VOINDROT_Villeneuve_3eme_Minime_-45kg-1024x717.jpg\" alt=\"20170218_Coupe_De_France_Combine_Thibault_VOINDROT_Villeneuve_3eme_Minime_-45kg\" width=\"640\" height=\"448\" \/><\/a><\/p>\n<p style=\"text-align: center\"><strong>Thibault VOINDROT\u00a0<\/strong>(<i>Villeneuve-La-Garenne<\/i>) &#8211; <strong>3\u00e8me<\/strong> &#8211; Minime masculin\u00a0-45kg<\/p>\n<p style=\"text-align: center\">(<em>2nd\u00a0sur la photo en commen\u00e7ant par la droite)<\/em><\/p>\n<p>[\/vc_column_text][\/vc_column][\/vc_row]<\/p>\n<\/div>","protected":false},"excerpt":{"rendered":"<p>[vc_row][vc_column][vc_column_text]Le samedi\u00a018 f\u00e9vrier 2017\u00a0avait lieu la coupe de France combin\u00e9 en Kata et Combat au gymnase L\u00e9o Lagrange de Paris. 5 podiums pour le Comit\u00e9 D\u00e9partemental dont deux titres !! Le comit\u00e9 d\u00e9partemental f\u00e9licite les\u00a0m\u00e9daill\u00e9s !! R\u00e9sultats et photos des podiums en cliquant sur \u00ab\u00a0lire la suite\u00ab\u00a0.<\/p>\n","protected":false},"author":87,"featured_media":3439,"comment_status":"closed","ping_status":"closed","sticky":false,"template":"","format":"standard","meta":{"footnotes":""},"categories":[1],"tags":[],"class_list":["post-3445","post","type-post","status-publish","format-standard","hentry","category-non-classe"],"_links":{"self":[{"href":"https:\/\/sites.ffkarate.fr\/hautsdeseine\/wp-json\/wp\/v2\/posts\/3445","targetHints":{"allow":["GET"]}}],"collection":[{"href":"https:\/\/sites.ffkarate.fr\/hautsdeseine\/wp-json\/wp\/v2\/posts"}],"about":[{"href":"https:\/\/sites.ffkarate.fr\/hautsdeseine\/wp-json\/wp\/v2\/types\/post"}],"author":[{"embeddable":true,"href":"https:\/\/sites.ffkarate.fr\/hautsdeseine\/wp-json\/wp\/v2\/users\/87"}],"replies":[{"embeddable":true,"href":"https:\/\/sites.ffkarate.fr\/hautsdeseine\/wp-json\/wp\/v2\/comments?post=3445"}],"version-history":[{"count":0,"href":"https:\/\/sites.ffkarate.fr\/hautsdeseine\/wp-json\/wp\/v2\/posts\/3445\/revisions"}],"wp:featuredmedia":[{"embeddable":true,"href":"https:\/\/sites.ffkarate.fr\/hautsdeseine\/wp-json\/wp\/v2\/media\/3439"}],"wp:attachment":[{"href":"https:\/\/sites.ffkarate.fr\/hautsdeseine\/wp-json\/wp\/v2\/media?parent=3445"}],"wp:term":[{"taxonomy":"category","embeddable":true,"href":"https:\/\/sites.ffkarate.fr\/hautsdeseine\/wp-json\/wp\/v2\/categories?post=3445"},{"taxonomy":"post_tag","embeddable":true,"href":"https:\/\/sites.ffkarate.fr\/hautsdeseine\/wp-json\/wp\/v2\/tags?post=3445"}],"curies":[{"name":"wp","href":"https:\/\/api.w.org\/{rel}","templated":true}]}}