{"id":3628,"date":"2017-03-20T21:41:36","date_gmt":"2017-03-20T20:41:36","guid":{"rendered":"https:\/\/sites.ffkarate.fr\/hautsdeseine\/?post_type=news&amp;p=3628"},"modified":"2017-03-20T21:41:36","modified_gmt":"2017-03-20T20:41:36","slug":"stage-enfants-de-body-karate","status":"publish","type":"post","link":"https:\/\/sites.ffkarate.fr\/hautsdeseine\/2017\/03\/20\/stage-enfants-de-body-karate\/","title":{"rendered":"Stage Enfants de Body-Karate"},"content":{"rendered":"<div class=\"wpb-content-wrapper\"><p>[vc_row][vc_column][vc_column_text]Le <strong>samedi 25 mars 2017<\/strong>, le comit\u00e9 d\u00e9partemental du Val d&rsquo;Oise propose un stage de <strong>Body Karate Enfants<\/strong> avec <strong>Nad\u00e8ge DERVEAUX<\/strong>, le <strong>samedi 25 mars 2017<\/strong> de <strong>14h00<\/strong> \u00e0 <strong>15h00<\/strong> \u00e0 Ermont (95).<\/p>\n<p><!--more--><\/p>\n<p><strong>Stage ouvert aux enfants \u00e0 partir de 7 ans.<\/strong><br \/>\n<strong>Adresse :<\/strong><br \/>\nComplexe sportif Saint Exupery<br \/>\nDojo municipal d&rsquo;Ermont<br \/>\nRue Kvot et Leydekkers<br \/>\n95 120 Ermont<\/p>\n<p><strong>Renseignements :<\/strong><br \/>\n<strong><span style=\"color: #000000\">Ligue du Val d&rsquo;Oise<\/span><\/strong><br \/>\nTel : 01 34 16 71 28<br \/>\n<span style=\"color: #003366\">Mail :\u00a0<strong><a style=\"color: #003366\" href=\"mailto:ligue-karate-95@wanadoo.fr\" target=\"_blank\" rel=\"noopener\">ligue-karate-95@wanadoo.fr<\/a><\/strong><\/span><\/p>\n<p><strong><span style=\"color: #003366\"><a style=\"color: #003366\" href=\"https:\/\/sites.ffkarate.fr\/hautsdeseine\/wp-content\/uploads\/sites\/57\/2017\/03\/20170325_Stage_Nadege_DERVEAUX_Body_Karate.pdf\" target=\"_blank\" rel=\"noopener\">Affiche\u00a0au format PDF<\/a><\/span>\u00a0\u2b05\ufe0f<\/strong> Cliquez sur ce lien<\/p>\n<p><a href=\"https:\/\/sites.ffkarate.fr\/hautsdeseine\/wp-content\/uploads\/sites\/57\/2017\/03\/20170325_Stage_Nadege_DERVEAUX_Body_Karate.png\"><img decoding=\"async\" class=\"aligncenter size-large wp-image-3625\" src=\"https:\/\/sites.ffkarate.fr\/hautsdeseine\/wp-content\/uploads\/sites\/57\/2017\/03\/20170325_Stage_Nadege_DERVEAUX_Body_Karate-724x1024.png\" alt=\"20170325_Stage_Nadege_DERVEAUX_Body_Karate\" width=\"640\" height=\"905\" \/><\/a>[\/vc_column_text][\/vc_column][\/vc_row]<\/p>\n<\/div>","protected":false},"excerpt":{"rendered":"<p>[vc_row][vc_column][vc_column_text]Le samedi 25 mars 2017, le comit\u00e9 d\u00e9partemental du Val d&rsquo;Oise propose un stage de Body Karate Enfants avec Nad\u00e8ge DERVEAUX, le samedi 25 mars 2017 de 14h00 \u00e0 15h00 \u00e0 Ermont (95).<\/p>\n","protected":false},"author":87,"featured_media":3625,"comment_status":"closed","ping_status":"closed","sticky":false,"template":"","format":"standard","meta":{"footnotes":""},"categories":[1],"tags":[],"class_list":["post-3628","post","type-post","status-publish","format-standard","hentry","category-non-classe"],"_links":{"self":[{"href":"https:\/\/sites.ffkarate.fr\/hautsdeseine\/wp-json\/wp\/v2\/posts\/3628","targetHints":{"allow":["GET"]}}],"collection":[{"href":"https:\/\/sites.ffkarate.fr\/hautsdeseine\/wp-json\/wp\/v2\/posts"}],"about":[{"href":"https:\/\/sites.ffkarate.fr\/hautsdeseine\/wp-json\/wp\/v2\/types\/post"}],"author":[{"embeddable":true,"href":"https:\/\/sites.ffkarate.fr\/hautsdeseine\/wp-json\/wp\/v2\/users\/87"}],"replies":[{"embeddable":true,"href":"https:\/\/sites.ffkarate.fr\/hautsdeseine\/wp-json\/wp\/v2\/comments?post=3628"}],"version-history":[{"count":0,"href":"https:\/\/sites.ffkarate.fr\/hautsdeseine\/wp-json\/wp\/v2\/posts\/3628\/revisions"}],"wp:featuredmedia":[{"embeddable":true,"href":"https:\/\/sites.ffkarate.fr\/hautsdeseine\/wp-json\/wp\/v2\/media\/3625"}],"wp:attachment":[{"href":"https:\/\/sites.ffkarate.fr\/hautsdeseine\/wp-json\/wp\/v2\/media?parent=3628"}],"wp:term":[{"taxonomy":"category","embeddable":true,"href":"https:\/\/sites.ffkarate.fr\/hautsdeseine\/wp-json\/wp\/v2\/categories?post=3628"},{"taxonomy":"post_tag","embeddable":true,"href":"https:\/\/sites.ffkarate.fr\/hautsdeseine\/wp-json\/wp\/v2\/tags?post=3628"}],"curies":[{"name":"wp","href":"https:\/\/api.w.org\/{rel}","templated":true}]}}