{"id":3669,"date":"2017-03-20T22:36:27","date_gmt":"2017-03-20T21:36:27","guid":{"rendered":"https:\/\/sites.ffkarate.fr\/hautsdeseine\/?post_type=news&amp;p=3669"},"modified":"2017-03-20T22:36:27","modified_gmt":"2017-03-20T21:36:27","slug":"challenge-berger-3","status":"publish","type":"post","link":"https:\/\/sites.ffkarate.fr\/hautsdeseine\/2017\/03\/20\/challenge-berger-3\/","title":{"rendered":"Challenge Berger"},"content":{"rendered":"<div class=\"wpb-content-wrapper\"><p>[vc_row][vc_column][vc_column_text]Le <strong>samedi 18 mars 2017<\/strong> avait lieu le <strong>Challenge Berger<\/strong> <img decoding=\"async\" src=\"https:\/\/www.facebook.com\/images\/emoji.php\/v7\/fd2\/1.5\/16\/1f44a.png\" alt=\"\" width=\"16\" height=\"16\" \/>\u00a0\u00e0 Gennevilliers organis\u00e9 par la commission enfant du comit\u00e9 d\u00e9partemental des Hauts-De-Seine.<\/p>\n<p><!--more--><\/p>\n<p>239 enfants ont r\u00e9pondu pr\u00e9sent pour cette comp\u00e9tition.<\/p>\n<p>L&rsquo;occasion pour les pupilles et benjamins de se tester en combat et en kata (avant leurs futures \u00e9ch\u00e9ances).<\/p>\n<p>Pour les poussins, certains d\u00e9couvraient la comp\u00e9tition&#8230;<\/p>\n<p>Une tr\u00e8s belle journ\u00e9e \u00e0 revivre \u00e0 travers ces photos.<\/p>\n<p>Merci \u00e0 Philippe DARCHIS et \u00e0 la ville de Gennevilliers pour le dojo ainsi que leur super accueil <img decoding=\"async\" class=\"img\" src=\"https:\/\/www.facebook.com\/images\/emoji.php\/v7\/fd2\/1.5\/16\/1f44a.png\" alt=\"\" width=\"16\" height=\"16\" \/>\u00a0!!<\/p>\n<div class=\"text_exposed_show\">\n<p>Retrouvez les photos sur la <span style=\"color: #003366\"><strong><a style=\"color: #003366\" href=\"https:\/\/sites.ffkarate.fr\/hautsdeseine\/photos\/challenge-berger-18-03-2017\/\">galerie photo<\/a><\/strong><\/span>\u00a0<strong><b>\u2b05\ufe0f<\/b><\/strong> Cliquez sur ce lien<\/p>\n<p>Toutes les photos disponible sur le lien <span style=\"color: #003366\"><strong><a style=\"color: #003366\" href=\"https:\/\/www.facebook.com\/media\/set\/?set=a.1610140492363319.1073741832.349221098455271&amp;type=1&amp;l=8f2a0d8fa8\" target=\"_blank\" rel=\"noopener\">Facebook<\/a><\/strong><\/span>\u00a0<strong><b>\u2b05\ufe0f<\/b><\/strong> Cliquez sur ce lien<\/p>\n<\/div>\n<p>[\/vc_column_text][\/vc_column][\/vc_row]<\/p>\n<\/div>","protected":false},"excerpt":{"rendered":"<p>[vc_row][vc_column][vc_column_text]Le samedi 18 mars 2017 avait lieu le Challenge Berger \u00a0\u00e0 Gennevilliers organis\u00e9 par la commission enfant du comit\u00e9 d\u00e9partemental des Hauts-De-Seine.<\/p>\n","protected":false},"author":87,"featured_media":3661,"comment_status":"closed","ping_status":"closed","sticky":false,"template":"","format":"standard","meta":{"footnotes":""},"categories":[1],"tags":[],"class_list":["post-3669","post","type-post","status-publish","format-standard","hentry","category-non-classe"],"_links":{"self":[{"href":"https:\/\/sites.ffkarate.fr\/hautsdeseine\/wp-json\/wp\/v2\/posts\/3669","targetHints":{"allow":["GET"]}}],"collection":[{"href":"https:\/\/sites.ffkarate.fr\/hautsdeseine\/wp-json\/wp\/v2\/posts"}],"about":[{"href":"https:\/\/sites.ffkarate.fr\/hautsdeseine\/wp-json\/wp\/v2\/types\/post"}],"author":[{"embeddable":true,"href":"https:\/\/sites.ffkarate.fr\/hautsdeseine\/wp-json\/wp\/v2\/users\/87"}],"replies":[{"embeddable":true,"href":"https:\/\/sites.ffkarate.fr\/hautsdeseine\/wp-json\/wp\/v2\/comments?post=3669"}],"version-history":[{"count":0,"href":"https:\/\/sites.ffkarate.fr\/hautsdeseine\/wp-json\/wp\/v2\/posts\/3669\/revisions"}],"wp:featuredmedia":[{"embeddable":true,"href":"https:\/\/sites.ffkarate.fr\/hautsdeseine\/wp-json\/wp\/v2\/media\/3661"}],"wp:attachment":[{"href":"https:\/\/sites.ffkarate.fr\/hautsdeseine\/wp-json\/wp\/v2\/media?parent=3669"}],"wp:term":[{"taxonomy":"category","embeddable":true,"href":"https:\/\/sites.ffkarate.fr\/hautsdeseine\/wp-json\/wp\/v2\/categories?post=3669"},{"taxonomy":"post_tag","embeddable":true,"href":"https:\/\/sites.ffkarate.fr\/hautsdeseine\/wp-json\/wp\/v2\/tags?post=3669"}],"curies":[{"name":"wp","href":"https:\/\/api.w.org\/{rel}","templated":true}]}}