{"id":3775,"date":"2017-04-17T21:28:19","date_gmt":"2017-04-17T19:28:19","guid":{"rendered":"https:\/\/sites.ffkarate.fr\/hautsdeseine\/?post_type=news&amp;p=3775"},"modified":"2017-04-17T21:28:19","modified_gmt":"2017-04-17T19:28:19","slug":"open-national-de-la-region-centre-a-orleans","status":"publish","type":"post","link":"https:\/\/sites.ffkarate.fr\/hautsdeseine\/2017\/04\/17\/open-national-de-la-region-centre-a-orleans\/","title":{"rendered":"Open National de la R\u00e9gion Centre \u00e0 Orl\u00e9ans"},"content":{"rendered":"<div class=\"wpb-content-wrapper\"><p>[vc_row][vc_column][vc_column_text]Le <strong>samedi 25<\/strong> et <strong>dimanche 26 mars 2017<\/strong> avait lieu l&rsquo;<strong>Open National de la R\u00e9gion Centre \u00e0 Orl\u00e9ans<\/strong>, comp\u00e9tition qui regroupe des athl\u00e8tes fran\u00e7ais et \u00e9trangers.\u00a0Encore de\u00a0tr\u00e8s beaux nombreux podiums\u00a0ont \u00e9t\u00e9 r\u00e9alis\u00e9. Tous les r\u00e9sultats en cliquant sur \u00ab\u00a0lire la suite\u00a0\u00bb.<\/p>\n<p><!--more--><\/p>\n<p><strong>1\u00e8re\u00a0place :<\/strong><\/p>\n<ul>\n<li><strong>Amir ZOUAOUI<\/strong>\u00a0(<em>Gennevilliers<\/em>) &#8211; Benjamin\u00a0masculin +55kg<\/li>\n<li><strong>Safia LAHOU<\/strong>\u00a0(<em>Villeneuve La Garenne<\/em>) &#8211; Benjamin f\u00e9minine -45kg<\/li>\n<li><strong>Djihane MENACER<\/strong>\u00a0(<i>Courbevoie Sports Karate<\/i>) &#8211; Benjamin f\u00e9minine -50kg<\/li>\n<\/ul>\n<p><strong>2\u00e8me place :<\/strong><\/p>\n<ul>\n<li><b>Manael HAMET<\/b> (<em>International Fighting Club Hamour<\/em>) &#8211;\u00a0Pupille masculin -25kg<\/li>\n<li><strong>Matthias RANAIVOHARINDRIAKA<\/strong> (<em>Vanves<\/em>)\u00a0 &#8211;\u00a0Pupille masculin -45kg<\/li>\n<li><b>Karl DA ROCHA<\/b>\u00a0(<em>International Fighting Club Hamour<\/em>) &#8211; Benjamin\u00a0masculin -45kg<\/li>\n<li><b>Darmeeghan\u00a0THIVENDRARAJAH <\/b>\u00a0(<em>CSM Puteaux<\/em>) &#8211; Benjamin\u00a0masculin -50kg<\/li>\n<li><strong>Lina CHAKROUN<\/strong><b>\u00a0<\/b>(<em>CSM Puteaux<\/em>) &#8211; Minime\u00a0f\u00e9minine+55kg<\/li>\n<\/ul>\n<p><strong>3\u00e8me place :<\/strong><\/p>\n<ul>\n<li><b>Aymane HIRACHE<\/b>\u00a0(<i>Courbevoie Sports Karate<\/i>) &#8211;\u00a0Pupille masculin -35kg<\/li>\n<li><strong>Ray\u00a0RAZAFIMAHERY<\/strong>\u00a0(<em>Vanves<\/em>)\u00a0 &#8211; Benjamin\u00a0masculin -35kg<\/li>\n<li><b>Maissem\u00a0FERCHACH\u00a0<\/b>(<em>CSM Puteaux<\/em>) &#8211; Pupille\u00a0f\u00e9minine -40kg<\/li>\n<li><b>Marissa HAFEZAN\u00a0<\/b>(<em>CSM Puteaux<\/em>) &#8211; Benjamin\u00a0f\u00e9minine -30kg<\/li>\n<li><b>Chlo\u00e9 BREUZARD\u00a0<\/b>(<em>Vanves<\/em>) &#8211; Minime\u00a0f\u00e9minine -40kg<\/li>\n<li><strong>Melinda MARMOT\u00a0<\/strong>(<em>CSM Puteaux<\/em>) &#8211; Cadet\u00a0f\u00e9minine +54kg<\/li>\n<\/ul>\n<p><span class=\"m_626013844210887098gmail-text_exposed_show\"><span style=\"color: #000080\"><a style=\"color: #000080\" href=\"http:\/\/www.ffkarate.fr\/wp-content\/uploads\/2017\/04\/10EME-OPEN-JEUNES-ORLEANS-Pupilles-Benjamins-resultats.pdf\" target=\"_blank\" rel=\"noopener\"><strong>R\u00e9sultats de l&rsquo;Open National Jeunes de la R\u00e9gion Centre<\/strong><\/a><\/span>\u00a0\u2b05\ufe0f <span style=\"color: #000000\">Cliquez sur ce lien<\/span><\/span>[\/vc_column_text][\/vc_column][\/vc_row]<\/p>\n<\/div>","protected":false},"excerpt":{"rendered":"<p>[vc_row][vc_column][vc_column_text]Le samedi 25 et dimanche 26 mars 2017 avait lieu l&rsquo;Open National de la R\u00e9gion Centre \u00e0 Orl\u00e9ans, comp\u00e9tition qui regroupe des athl\u00e8tes fran\u00e7ais et \u00e9trangers.\u00a0Encore de\u00a0tr\u00e8s beaux nombreux podiums\u00a0ont \u00e9t\u00e9 r\u00e9alis\u00e9. Tous les r\u00e9sultats en cliquant sur \u00ab\u00a0lire la suite\u00a0\u00bb.<\/p>\n","protected":false},"author":87,"featured_media":3776,"comment_status":"closed","ping_status":"closed","sticky":false,"template":"","format":"standard","meta":{"footnotes":""},"categories":[1],"tags":[],"class_list":["post-3775","post","type-post","status-publish","format-standard","hentry","category-non-classe"],"_links":{"self":[{"href":"https:\/\/sites.ffkarate.fr\/hautsdeseine\/wp-json\/wp\/v2\/posts\/3775","targetHints":{"allow":["GET"]}}],"collection":[{"href":"https:\/\/sites.ffkarate.fr\/hautsdeseine\/wp-json\/wp\/v2\/posts"}],"about":[{"href":"https:\/\/sites.ffkarate.fr\/hautsdeseine\/wp-json\/wp\/v2\/types\/post"}],"author":[{"embeddable":true,"href":"https:\/\/sites.ffkarate.fr\/hautsdeseine\/wp-json\/wp\/v2\/users\/87"}],"replies":[{"embeddable":true,"href":"https:\/\/sites.ffkarate.fr\/hautsdeseine\/wp-json\/wp\/v2\/comments?post=3775"}],"version-history":[{"count":0,"href":"https:\/\/sites.ffkarate.fr\/hautsdeseine\/wp-json\/wp\/v2\/posts\/3775\/revisions"}],"wp:featuredmedia":[{"embeddable":true,"href":"https:\/\/sites.ffkarate.fr\/hautsdeseine\/wp-json\/wp\/v2\/media\/3776"}],"wp:attachment":[{"href":"https:\/\/sites.ffkarate.fr\/hautsdeseine\/wp-json\/wp\/v2\/media?parent=3775"}],"wp:term":[{"taxonomy":"category","embeddable":true,"href":"https:\/\/sites.ffkarate.fr\/hautsdeseine\/wp-json\/wp\/v2\/categories?post=3775"},{"taxonomy":"post_tag","embeddable":true,"href":"https:\/\/sites.ffkarate.fr\/hautsdeseine\/wp-json\/wp\/v2\/tags?post=3775"}],"curies":[{"name":"wp","href":"https:\/\/api.w.org\/{rel}","templated":true}]}}