{"id":3779,"date":"2017-04-17T21:36:09","date_gmt":"2017-04-17T19:36:09","guid":{"rendered":"https:\/\/sites.ffkarate.fr\/hautsdeseine\/?post_type=news&amp;p=3779"},"modified":"2017-04-17T21:36:09","modified_gmt":"2017-04-17T19:36:09","slug":"open-idf-combat-pupillesbenjamins","status":"publish","type":"post","link":"https:\/\/sites.ffkarate.fr\/hautsdeseine\/2017\/04\/17\/open-idf-combat-pupillesbenjamins\/","title":{"rendered":"OPEN IDF COMBAT PUPILLES\/BENJAMINS"},"content":{"rendered":"<div class=\"wpb-content-wrapper\"><p>[vc_row][vc_column][vc_column_text]Le <strong>samedi 1er avril 2017<\/strong> avait lieu l&rsquo;<strong>Open IDF en Combats<\/strong> pour les <strong>pupilles<\/strong> et <strong>benjamins, comp\u00e9tition qualificative\u00a0<\/strong>pour les Coupes de France Pupilles (20 et 21 mai 2017) et Benjamins (27 et 28 mai 2017). Une nouvelle fois nos comp\u00e9titeurs n&rsquo;ont pas d\u00e9m\u00e9rit\u00e9 accrochant de nombreux podiums !! Cliquez sur \u00ab\u00a0lire la suite\u00a0\u00bb pour voir tous les podiums.<\/p>\n<p><!--more--><\/p>\n<p><strong>1\u00e8re\u00a0place :<\/strong><\/p>\n<ul>\n<li><strong>Mathias RANAIVOHARINDRIAKA<\/strong>\u00a0(Vanves) &#8211; Pupille masculin -50kg<\/li>\n<li><strong>Ray RAZAFIMAHERY<\/strong>\u00a0(Vanves) &#8211; Benjamin masculin -35kg<\/li>\n<li><strong>Tom DELEHAYE<\/strong> (<em>CSK<\/em>) &#8211; Benjamin masculin -40kg<\/li>\n<li><strong>Karl DA ROCHA<\/strong>\u00a0(<em>Levallois<\/em>) &#8211; Benjamin masculin -45kg<\/li>\n<li><strong>Youssra RACHDI<\/strong>\u00a0(<em>Villeneuve<\/em>) &#8211; Benjamin f\u00e9minine -30kg<\/li>\n<li><strong>Djihane MENACER<\/strong> (<em>CSK<\/em>) &#8211; Benjamin f\u00e9minine -50 kg<\/li>\n<\/ul>\n<p><strong>2\u00e8me place :<\/strong><\/p>\n<ul>\n<li><strong>C\u00e9lya RETORI\u00a0<\/strong>(<em>CSK<\/em>) &#8211;\u00a0Pupille\u00a0f\u00e9minine -35kg<\/li>\n<li><strong>Paul ROULLEAU<\/strong> (<em>CSK<\/em>) &#8211; Benjamin masculin -35kg<\/li>\n<\/ul>\n<p><strong>3\u00e8me place :<\/strong><\/p>\n<ul>\n<li><strong>Calvin BOUM<\/strong>\u00a0(<em>CSK<\/em>) &#8211;\u00a0Pupille masculin -30kg<\/li>\n<li><strong>Nelisa HAFEZAN<\/strong> (<em>CSMPuteaux<\/em>) &#8211; Pupille f\u00e9minine -30kg<\/li>\n<li><strong>Enzo SULPLICE<\/strong> (<em>Vanves<\/em>) -Benjamin masculin -45kg<\/li>\n<li><strong>Alexandre GUYONNET<\/strong>\u00a0(<i>CSAH Rueil<\/i>) -Benjamin masculin -50kg<\/li>\n<li><strong>Yanis RAHMANI<\/strong>\u00a0(<i>Asni\u00e8res<\/i>) -Benjamin masculin -55kg<\/li>\n<li><strong>Marissa HAFEZAN<\/strong> (<em>CSMPuteaux<\/em>) &#8211; Benjamins\u00a0f\u00e9minine -35kg<\/li>\n<\/ul>\n<p><span class=\"m_626013844210887098gmail-text_exposed_show\"><a href=\"https:\/\/sites.ffkarate.fr\/hautsdeseine\/wp-content\/uploads\/sites\/57\/2017\/04\/20170401_Open_Ligue_IDF_Combat_Pup_Ben_Resultats.pdf\" target=\"_blank\" rel=\"noopener\"><span style=\"color: #000080\"><strong style=\"color: #000080\">R\u00e9sultats de l&rsquo;Open IDF Combats pupilles et benjamins<\/strong><\/span><\/a>\u00a0\u2b05\ufe0f <span style=\"color: #000000\">Cliquez sur ce lien<\/span><\/span>[\/vc_column_text][\/vc_column][\/vc_row]<\/p>\n<\/div>","protected":false},"excerpt":{"rendered":"<p>[vc_row][vc_column][vc_column_text]Le samedi 1er avril 2017 avait lieu l&rsquo;Open IDF en Combats pour les pupilles et benjamins, comp\u00e9tition qualificative\u00a0pour les Coupes de France Pupilles (20 et 21 mai 2017) et Benjamins (27 et 28 mai 2017). Une nouvelle fois nos comp\u00e9titeurs n&rsquo;ont pas d\u00e9m\u00e9rit\u00e9 accrochant de nombreux podiums !! Cliquez sur \u00ab\u00a0lire la suite\u00a0\u00bb pour voir [&hellip;]<\/p>\n","protected":false},"author":87,"featured_media":3777,"comment_status":"closed","ping_status":"closed","sticky":false,"template":"","format":"standard","meta":{"footnotes":""},"categories":[1],"tags":[],"class_list":["post-3779","post","type-post","status-publish","format-standard","hentry","category-non-classe"],"_links":{"self":[{"href":"https:\/\/sites.ffkarate.fr\/hautsdeseine\/wp-json\/wp\/v2\/posts\/3779","targetHints":{"allow":["GET"]}}],"collection":[{"href":"https:\/\/sites.ffkarate.fr\/hautsdeseine\/wp-json\/wp\/v2\/posts"}],"about":[{"href":"https:\/\/sites.ffkarate.fr\/hautsdeseine\/wp-json\/wp\/v2\/types\/post"}],"author":[{"embeddable":true,"href":"https:\/\/sites.ffkarate.fr\/hautsdeseine\/wp-json\/wp\/v2\/users\/87"}],"replies":[{"embeddable":true,"href":"https:\/\/sites.ffkarate.fr\/hautsdeseine\/wp-json\/wp\/v2\/comments?post=3779"}],"version-history":[{"count":0,"href":"https:\/\/sites.ffkarate.fr\/hautsdeseine\/wp-json\/wp\/v2\/posts\/3779\/revisions"}],"wp:featuredmedia":[{"embeddable":true,"href":"https:\/\/sites.ffkarate.fr\/hautsdeseine\/wp-json\/wp\/v2\/media\/3777"}],"wp:attachment":[{"href":"https:\/\/sites.ffkarate.fr\/hautsdeseine\/wp-json\/wp\/v2\/media?parent=3779"}],"wp:term":[{"taxonomy":"category","embeddable":true,"href":"https:\/\/sites.ffkarate.fr\/hautsdeseine\/wp-json\/wp\/v2\/categories?post=3779"},{"taxonomy":"post_tag","embeddable":true,"href":"https:\/\/sites.ffkarate.fr\/hautsdeseine\/wp-json\/wp\/v2\/tags?post=3779"}],"curies":[{"name":"wp","href":"https:\/\/api.w.org\/{rel}","templated":true}]}}