{"id":3850,"date":"2017-05-06T18:35:24","date_gmt":"2017-05-06T16:35:24","guid":{"rendered":"https:\/\/sites.ffkarate.fr\/hautsdeseine\/?post_type=news&amp;p=3850"},"modified":"2017-05-06T18:35:24","modified_gmt":"2017-05-06T16:35:24","slug":"championnats-de-france-combats-espoirs","status":"publish","type":"post","link":"https:\/\/sites.ffkarate.fr\/hautsdeseine\/2017\/05\/06\/championnats-de-france-combats-espoirs\/","title":{"rendered":"Championnats de France Combats espoirs"},"content":{"rendered":"<div class=\"wpb-content-wrapper\"><p>[vc_row][vc_column][vc_column_text]Le <strong>dimanche 23\u00a0avril 2017<\/strong> avait lieu les <strong>Championnats de France Combats espoirs<\/strong> \u00e0 Saint Quentin (02). Encore de tr\u00e8s bons r\u00e9sultats gr\u00e2ce au club de Puteaux qui a port\u00e9 haut les couleurs du d\u00e9partement.<\/p>\n<p><!--more--><\/p>\n<p><strong>2\u00e8me place :<\/strong><\/p>\n<ul>\n<li><strong>Ilyes KLOUZ\u00a0<\/strong>(<i>CSMPuteaux<\/i>) &#8211; Espoir\u00a0masculin +84kg<\/li>\n<\/ul>\n<p><strong>3\u00e8me place :<\/strong><\/p>\n<ul>\n<li><strong>Enzo RATSITO\u00a0<\/strong>(<i>CSMPuteaux<\/i>) &#8211; Espoir\u00a0masculin -60kg<\/li>\n<\/ul>\n<p><span style=\"color: #003366\"><a style=\"color: #003366\" href=\"https:\/\/sites.ffkarate.fr\/hautsdeseine\/wp-content\/uploads\/sites\/57\/2017\/05\/20170423_Championnats_France_Combats_Espoirs_Resultats1.pdf\" target=\"_blank\" rel=\"noopener\"><strong>R\u00e9sultats des Championnats de France Combats Espoirs du 23 avril 2017<\/strong><\/a>\u00a0<\/span>\u2b05\ufe0f Cliquez sur ce lien<\/p>\n<p><a href=\"https:\/\/sites.ffkarate.fr\/hautsdeseine\/wp-content\/uploads\/sites\/57\/2017\/05\/20170423_Championnats_France_Combats_Espoirs_Enzo_RATSITO_CSMP_3eme_-60_Espoir1.jpg\"><img decoding=\"async\" class=\"aligncenter wp-image-3845\" src=\"https:\/\/sites.ffkarate.fr\/hautsdeseine\/wp-content\/uploads\/sites\/57\/2017\/05\/20170423_Championnats_France_Combats_Espoirs_Enzo_RATSITO_CSMP_3eme_-60_Espoir1.jpg\" alt=\"20170423_Championnats_France_Combats_Espoirs_Enzo_RATSITO_CSMP_3eme_-60_Espoir\" width=\"600\" height=\"450\" \/><\/a><\/p>\n<p style=\"text-align: center\"><strong>Enzo RATSITO\u00a0<\/strong>(<i>CSMPuteaux<\/i>) &#8211; 3\u00e8me &#8211; Espoir\u00a0masculin -60kg<\/p>\n<p style=\"text-align: center\">(<em>1er\u00a0sur la photo en commen\u00e7ant par la droite)<\/em><\/p>\n<p>[\/vc_column_text][\/vc_column][\/vc_row]<\/p>\n<\/div>","protected":false},"excerpt":{"rendered":"<p>[vc_row][vc_column][vc_column_text]Le dimanche 23\u00a0avril 2017 avait lieu les Championnats de France Combats espoirs \u00e0 Saint Quentin (02). Encore de tr\u00e8s bons r\u00e9sultats gr\u00e2ce au club de Puteaux qui a port\u00e9 haut les couleurs du d\u00e9partement.<\/p>\n","protected":false},"author":87,"featured_media":3845,"comment_status":"closed","ping_status":"closed","sticky":false,"template":"","format":"standard","meta":{"footnotes":""},"categories":[1],"tags":[],"class_list":["post-3850","post","type-post","status-publish","format-standard","hentry","category-non-classe"],"_links":{"self":[{"href":"https:\/\/sites.ffkarate.fr\/hautsdeseine\/wp-json\/wp\/v2\/posts\/3850","targetHints":{"allow":["GET"]}}],"collection":[{"href":"https:\/\/sites.ffkarate.fr\/hautsdeseine\/wp-json\/wp\/v2\/posts"}],"about":[{"href":"https:\/\/sites.ffkarate.fr\/hautsdeseine\/wp-json\/wp\/v2\/types\/post"}],"author":[{"embeddable":true,"href":"https:\/\/sites.ffkarate.fr\/hautsdeseine\/wp-json\/wp\/v2\/users\/87"}],"replies":[{"embeddable":true,"href":"https:\/\/sites.ffkarate.fr\/hautsdeseine\/wp-json\/wp\/v2\/comments?post=3850"}],"version-history":[{"count":0,"href":"https:\/\/sites.ffkarate.fr\/hautsdeseine\/wp-json\/wp\/v2\/posts\/3850\/revisions"}],"wp:featuredmedia":[{"embeddable":true,"href":"https:\/\/sites.ffkarate.fr\/hautsdeseine\/wp-json\/wp\/v2\/media\/3845"}],"wp:attachment":[{"href":"https:\/\/sites.ffkarate.fr\/hautsdeseine\/wp-json\/wp\/v2\/media?parent=3850"}],"wp:term":[{"taxonomy":"category","embeddable":true,"href":"https:\/\/sites.ffkarate.fr\/hautsdeseine\/wp-json\/wp\/v2\/categories?post=3850"},{"taxonomy":"post_tag","embeddable":true,"href":"https:\/\/sites.ffkarate.fr\/hautsdeseine\/wp-json\/wp\/v2\/tags?post=3850"}],"curies":[{"name":"wp","href":"https:\/\/api.w.org\/{rel}","templated":true}]}}