{"id":3980,"date":"2017-06-03T17:19:57","date_gmt":"2017-06-03T15:19:57","guid":{"rendered":"https:\/\/sites.ffkarate.fr\/hautsdeseine\/?post_type=news&amp;p=3980"},"modified":"2017-06-03T17:19:57","modified_gmt":"2017-06-03T15:19:57","slug":"cotisation-federale","status":"publish","type":"post","link":"https:\/\/sites.ffkarate.fr\/hautsdeseine\/2017\/06\/03\/cotisation-federale\/","title":{"rendered":"Cotisation f\u00e9d\u00e9rale"},"content":{"rendered":"<div class=\"wpb-content-wrapper\"><p>[vc_row][vc_column][vc_column_text]Pour la saison 2017\/2018, votre cotisation des clubs est devenue \u00ab\u00a0cotisation f\u00e9d\u00e9rale\u00a0\u00bb. Ce changement a \u00e9t\u00e9 vot\u00e9 \u00e0 l&rsquo;Assembl\u00e9e G\u00e9n\u00e9rale de la FFKDA le 10\/09\/2017.<\/p>\n<p>De l&rsquo;acquittement de cette \u00ab\u00a0<strong>Cotisation F\u00e9d\u00e9rale<\/strong>\u00a0\u00bb d\u00e9pendra la d\u00e9livrance des licences. La date butoir pour recevoir votre r\u00e8glement sera le <strong>30 juin 2017<\/strong>. A cette date, tout Club n&rsquo;\u00e9tant pas \u00e0 jour ne pourra pr\u00e9tendre \u00e0 prendre ses licences. <strong>Seul le r\u00e8glement de la Cotisation F\u00e9d\u00e9rale vous donnera acc\u00e8s \u00e0 la prise de licence<\/strong>.<\/p>\n<p><!--more--><\/p>\n<p>Le r\u00e8glement de cette cotisation doit se faire <span style=\"text-decoration: underline\"><strong>obligatoirement par ch\u00e8que<\/strong><\/span> \u00e0 l&rsquo;adresse suivante :<br \/>\nLigue R\u00e9gionale Ile de France et D.A.<br \/>\n12, rue Danton<br \/>\n92 120 Montrouge<\/p>\n<p>Votre r\u00e8glement devra \u00eatre accompagn\u00e9 de la <strong><span style=\"color: #003366\"><a style=\"color: #003366\" href=\"https:\/\/sites.ffkarate.fr\/hautsdeseine\/wp-content\/uploads\/sites\/57\/2017\/06\/2017-2018_Appel_Cotisation_Federale_V1.0.docx\" target=\"_blank\" rel=\"noopener\">feuille de cotisation f\u00e9d\u00e9rale<\/a><\/span><\/strong> remplie\u00a0\u2b05\ufe0fCliquez sur ce lien soulign\u00e9<\/p>\n<p>\u26a0\u26a0\u00a0<strong>Tout r\u00e8glement effectu\u00e9 au Comit\u00e9 D\u00e9partemental des Hauts-De-Seine sera refus\u00e9<\/strong>\u00a0\u26a0\u26a0[\/vc_column_text][\/vc_column][\/vc_row]<\/p>\n<\/div>","protected":false},"excerpt":{"rendered":"<p>[vc_row][vc_column][vc_column_text]Pour la saison 2017\/2018, votre cotisation des clubs est devenue \u00ab\u00a0cotisation f\u00e9d\u00e9rale\u00a0\u00bb. Ce changement a \u00e9t\u00e9 vot\u00e9 \u00e0 l&rsquo;Assembl\u00e9e G\u00e9n\u00e9rale de la FFKDA le 10\/09\/2017. De l&rsquo;acquittement de cette \u00ab\u00a0Cotisation F\u00e9d\u00e9rale\u00a0\u00bb d\u00e9pendra la d\u00e9livrance des licences. La date butoir pour recevoir votre r\u00e8glement sera le 30 juin 2017. A cette date, tout Club n&rsquo;\u00e9tant pas [&hellip;]<\/p>\n","protected":false},"author":87,"featured_media":3053,"comment_status":"closed","ping_status":"closed","sticky":false,"template":"","format":"standard","meta":{"footnotes":""},"categories":[1],"tags":[],"class_list":["post-3980","post","type-post","status-publish","format-standard","hentry","category-non-classe"],"_links":{"self":[{"href":"https:\/\/sites.ffkarate.fr\/hautsdeseine\/wp-json\/wp\/v2\/posts\/3980","targetHints":{"allow":["GET"]}}],"collection":[{"href":"https:\/\/sites.ffkarate.fr\/hautsdeseine\/wp-json\/wp\/v2\/posts"}],"about":[{"href":"https:\/\/sites.ffkarate.fr\/hautsdeseine\/wp-json\/wp\/v2\/types\/post"}],"author":[{"embeddable":true,"href":"https:\/\/sites.ffkarate.fr\/hautsdeseine\/wp-json\/wp\/v2\/users\/87"}],"replies":[{"embeddable":true,"href":"https:\/\/sites.ffkarate.fr\/hautsdeseine\/wp-json\/wp\/v2\/comments?post=3980"}],"version-history":[{"count":0,"href":"https:\/\/sites.ffkarate.fr\/hautsdeseine\/wp-json\/wp\/v2\/posts\/3980\/revisions"}],"wp:featuredmedia":[{"embeddable":true,"href":"https:\/\/sites.ffkarate.fr\/hautsdeseine\/wp-json\/wp\/v2\/media\/3053"}],"wp:attachment":[{"href":"https:\/\/sites.ffkarate.fr\/hautsdeseine\/wp-json\/wp\/v2\/media?parent=3980"}],"wp:term":[{"taxonomy":"category","embeddable":true,"href":"https:\/\/sites.ffkarate.fr\/hautsdeseine\/wp-json\/wp\/v2\/categories?post=3980"},{"taxonomy":"post_tag","embeddable":true,"href":"https:\/\/sites.ffkarate.fr\/hautsdeseine\/wp-json\/wp\/v2\/tags?post=3980"}],"curies":[{"name":"wp","href":"https:\/\/api.w.org\/{rel}","templated":true}]}}