{"id":4015,"date":"2017-06-15T22:17:50","date_gmt":"2017-06-15T20:17:50","guid":{"rendered":"https:\/\/sites.ffkarate.fr\/hautsdeseine\/?post_type=news&amp;p=4015"},"modified":"2017-06-15T22:17:50","modified_gmt":"2017-06-15T20:17:50","slug":"coupe-de-france-des-corporations-combats-katas","status":"publish","type":"post","link":"https:\/\/sites.ffkarate.fr\/hautsdeseine\/2017\/06\/15\/coupe-de-france-des-corporations-combats-katas\/","title":{"rendered":"Coupe de France des Corporations Combats \/ Katas"},"content":{"rendered":"<div class=\"wpb-content-wrapper\"><p>[vc_row][vc_column][vc_column_text]Le <strong>samedi 3 et dimanche 4 juin 2017<\/strong>\u00a0avait lieu\u00a0la <strong>Coupe\u00a0de France des Corporations Combats \/ Katas <\/strong>\u00e0 Ch\u00e2lons en Champagne\u00a0(50). Le comit\u00e9 d\u00e9partemental des Hauts-De-Seine f\u00e9licite <strong>Marguerite<\/strong> (<em>Villeneuve La Garenne<\/em>) et\u00a0<strong>Alyssa <\/strong>(<em>CourbevoieSK<\/em>) qui montent sur la troisi\u00e8me marche du podium.<\/p>\n<p><!--more--><\/p>\n<p><strong>3\u00e8me place :<\/strong><\/p>\n<ul>\n<li><strong>Marguerite AGUIRRE EXPOSITO<\/strong>\u00a0<b><\/b>(<em>Villeneuve La Garenne<\/em>) &#8211; V\u00e9t\u00e9ran 2\u00a0f\u00e9minine kata<\/li>\n<li><strong>Alyssa DARNOIS<\/strong> (<em>Courbevoie SK<\/em>) &#8211; Minime f\u00e9minine -40kg<\/li>\n<\/ul>\n<p>A noter, les belles cinqui\u00e8mes places de <strong>Farid BEDAR<\/strong>\u00a0(<em>Clichy<\/em>)\u00a0et <strong>Antonin RAYNAUD<\/strong> (<em>Courbevoie SK<\/em>).<\/p>\n<p><span style=\"color: #000080\"><strong><a href=\"https:\/\/sites.ffkarate.fr\/hautsdeseine\/wp-content\/uploads\/sites\/57\/2017\/06\/20170603-04_Coupe_France_Corpo_Resultats.pdf\" target=\"_blank\" rel=\"noopener\"><span style=\"color: #003366\"><strong style=\"color: #000080\">R\u00e9sultats de la Coupe\u00a0de France des Corporations Katas \/ Combats du samedi 3\u00a0et dimanche 4 juin\u00a02017<\/strong><\/span><\/a><\/strong><\/span>\u00a0\u2b05\ufe0f <span style=\"color: #000000\">Cliquez sur ce lien<\/span>[\/vc_column_text][\/vc_column][\/vc_row]<\/p>\n<\/div>","protected":false},"excerpt":{"rendered":"<p>[vc_row][vc_column][vc_column_text]Le samedi 3 et dimanche 4 juin 2017\u00a0avait lieu\u00a0la Coupe\u00a0de France des Corporations Combats \/ Katas \u00e0 Ch\u00e2lons en Champagne\u00a0(50). Le comit\u00e9 d\u00e9partemental des Hauts-De-Seine f\u00e9licite Marguerite (Villeneuve La Garenne) et\u00a0Alyssa (CourbevoieSK) qui montent sur la troisi\u00e8me marche du podium.<\/p>\n","protected":false},"author":87,"featured_media":1916,"comment_status":"closed","ping_status":"closed","sticky":false,"template":"","format":"standard","meta":{"footnotes":""},"categories":[1],"tags":[],"class_list":["post-4015","post","type-post","status-publish","format-standard","hentry","category-non-classe"],"_links":{"self":[{"href":"https:\/\/sites.ffkarate.fr\/hautsdeseine\/wp-json\/wp\/v2\/posts\/4015","targetHints":{"allow":["GET"]}}],"collection":[{"href":"https:\/\/sites.ffkarate.fr\/hautsdeseine\/wp-json\/wp\/v2\/posts"}],"about":[{"href":"https:\/\/sites.ffkarate.fr\/hautsdeseine\/wp-json\/wp\/v2\/types\/post"}],"author":[{"embeddable":true,"href":"https:\/\/sites.ffkarate.fr\/hautsdeseine\/wp-json\/wp\/v2\/users\/87"}],"replies":[{"embeddable":true,"href":"https:\/\/sites.ffkarate.fr\/hautsdeseine\/wp-json\/wp\/v2\/comments?post=4015"}],"version-history":[{"count":0,"href":"https:\/\/sites.ffkarate.fr\/hautsdeseine\/wp-json\/wp\/v2\/posts\/4015\/revisions"}],"wp:featuredmedia":[{"embeddable":true,"href":"https:\/\/sites.ffkarate.fr\/hautsdeseine\/wp-json\/wp\/v2\/media\/1916"}],"wp:attachment":[{"href":"https:\/\/sites.ffkarate.fr\/hautsdeseine\/wp-json\/wp\/v2\/media?parent=4015"}],"wp:term":[{"taxonomy":"category","embeddable":true,"href":"https:\/\/sites.ffkarate.fr\/hautsdeseine\/wp-json\/wp\/v2\/categories?post=4015"},{"taxonomy":"post_tag","embeddable":true,"href":"https:\/\/sites.ffkarate.fr\/hautsdeseine\/wp-json\/wp\/v2\/tags?post=4015"}],"curies":[{"name":"wp","href":"https:\/\/api.w.org\/{rel}","templated":true}]}}