{"id":4328,"date":"2017-10-09T23:39:41","date_gmt":"2017-10-09T21:39:41","guid":{"rendered":"https:\/\/sites.ffkarate.fr\/hautsdeseine\/?post_type=news&amp;p=4328"},"modified":"2017-10-09T23:39:41","modified_gmt":"2017-10-09T21:39:41","slug":"calendrier-departemental-v1-3","status":"publish","type":"post","link":"https:\/\/sites.ffkarate.fr\/hautsdeseine\/2017\/10\/09\/calendrier-departemental-v1-3\/","title":{"rendered":"Calendrier d\u00e9partemental &#8211; V1.3"},"content":{"rendered":"<div class=\"wpb-content-wrapper\"><p>[vc_row][vc_column][vc_column_text]Le\u00a0calendrier du Comit\u00e9 D\u00e9partemental pour la saison 2017-2018 a \u00e9t\u00e9 mis \u00e0 jour\u00a0!!\u00a0Retrouvez le en version PDF ou sur la page\u00a0\u00ab\u00a0<strong><span style=\"color: #003366\"><a style=\"color: #003366\" href=\"https:\/\/sites.ffkarate.fr\/hautsdeseine\/calendrier\/\">Calendrier<\/a><\/span><\/strong>\u00ab\u00a0.<\/p>\n<p><!--more--><\/p>\n<p>Modifications apport\u00e9es :<\/p>\n<ul>\n<li><span style=\"text-decoration: underline\">Samedi 6\u00a0et dimanche 7 janvier 2018<\/span>\u00a0: Coupe Elite PPB et Championnat Kata au lieu du samedi 20 et dimanche 21 janvier 2018<\/li>\n<\/ul>\n<p>Vous pouvez le retrouver en cliquant\u00a0<span style=\"color: #003366\"><strong><a href=\"https:\/\/sites.ffkarate.fr\/hautsdeseine\/wp-content\/uploads\/sites\/57\/2017\/10\/2017-2018_Calendrier_CD92_V1.3.pdf\" target=\"_blank\" rel=\"noopener\"><span style=\"color: #003366\">ICI<\/span><\/a>\u00a0\u00a0<\/strong>\u2b05\ufe0f\u00a0<span style=\"color: #000000\">Cliquez sur ce lien<\/span><\/span>[\/vc_column_text][\/vc_column][\/vc_row]<\/p>\n<\/div>","protected":false},"excerpt":{"rendered":"<p>[vc_row][vc_column][vc_column_text]Le\u00a0calendrier du Comit\u00e9 D\u00e9partemental pour la saison 2017-2018 a \u00e9t\u00e9 mis \u00e0 jour\u00a0!!\u00a0Retrouvez le en version PDF ou sur la page\u00a0\u00ab\u00a0Calendrier\u00ab\u00a0.<\/p>\n","protected":false},"author":87,"featured_media":4198,"comment_status":"closed","ping_status":"closed","sticky":false,"template":"","format":"standard","meta":{"footnotes":""},"categories":[1],"tags":[],"class_list":["post-4328","post","type-post","status-publish","format-standard","hentry","category-non-classe"],"_links":{"self":[{"href":"https:\/\/sites.ffkarate.fr\/hautsdeseine\/wp-json\/wp\/v2\/posts\/4328","targetHints":{"allow":["GET"]}}],"collection":[{"href":"https:\/\/sites.ffkarate.fr\/hautsdeseine\/wp-json\/wp\/v2\/posts"}],"about":[{"href":"https:\/\/sites.ffkarate.fr\/hautsdeseine\/wp-json\/wp\/v2\/types\/post"}],"author":[{"embeddable":true,"href":"https:\/\/sites.ffkarate.fr\/hautsdeseine\/wp-json\/wp\/v2\/users\/87"}],"replies":[{"embeddable":true,"href":"https:\/\/sites.ffkarate.fr\/hautsdeseine\/wp-json\/wp\/v2\/comments?post=4328"}],"version-history":[{"count":0,"href":"https:\/\/sites.ffkarate.fr\/hautsdeseine\/wp-json\/wp\/v2\/posts\/4328\/revisions"}],"wp:featuredmedia":[{"embeddable":true,"href":"https:\/\/sites.ffkarate.fr\/hautsdeseine\/wp-json\/wp\/v2\/media\/4198"}],"wp:attachment":[{"href":"https:\/\/sites.ffkarate.fr\/hautsdeseine\/wp-json\/wp\/v2\/media?parent=4328"}],"wp:term":[{"taxonomy":"category","embeddable":true,"href":"https:\/\/sites.ffkarate.fr\/hautsdeseine\/wp-json\/wp\/v2\/categories?post=4328"},{"taxonomy":"post_tag","embeddable":true,"href":"https:\/\/sites.ffkarate.fr\/hautsdeseine\/wp-json\/wp\/v2\/tags?post=4328"}],"curies":[{"name":"wp","href":"https:\/\/api.w.org\/{rel}","templated":true}]}}