{"id":4640,"date":"2017-12-07T09:51:34","date_gmt":"2017-12-07T08:51:34","guid":{"rendered":"https:\/\/sites.ffkarate.fr\/hautsdeseine\/?post_type=news&amp;p=4640"},"modified":"2017-12-07T09:51:34","modified_gmt":"2017-12-07T08:51:34","slug":"challenge-idf-combat-en-pupille-et-benjamin","status":"publish","type":"post","link":"https:\/\/sites.ffkarate.fr\/hautsdeseine\/2017\/12\/07\/challenge-idf-combat-en-pupille-et-benjamin\/","title":{"rendered":"Challenge IDF combat en pupille et benjamin"},"content":{"rendered":"<div class=\"wpb-content-wrapper\"><p>[vc_row][vc_column][vc_column_text]Le<strong>\u00a0dimanche 3 d\u00e9cembre<\/strong><strong>\u00a02017<\/strong>\u00a0avait lieu le <strong>Challenge IDF combat en pupille et benjamin<\/strong> \u00e0 la Halle Carpentier (75). Tr\u00e8s belle performance pour nos jeunes du d\u00e9partement avec\u00a0<strong>quatre premi\u00e8res places<\/strong>\u00a0(dont trois r\u00e9alis\u00e9es par le club de Villeneuve-La-Garenne),\u00a0<strong>trois deuxi\u00e8mes places<\/strong>\u00a0et\u00a0<strong>dix troisi\u00e8me places<\/strong>\u00a0!! Le comit\u00e9 d\u00e9partemental f\u00e9licite tous ces jeunes pour leur excellente comp\u00e9tition !! Tous les r\u00e9sultats en cliquant sur \u00ab\u00a0lire la suite\u00a0\u00bb.<\/p>\n<p><!--more--><\/p>\n<p><strong>1\u00e8re place :<\/strong><\/p>\n<ul>\n<li><strong>Eddy ZHENG<\/strong>\u00a0(<em>IFC Hamour<\/em>)\u00a0\u00a0&#8211;\u00a0Benjamin masculin -40kg<\/li>\n<li><strong>Youssra RACHDI<\/strong>\u00a0(<em>SKC Villeneuve<\/em>) &#8211; Benjamin\u00a0f\u00e9minine -30kg<\/li>\n<li><strong>Tesmine MAAZOUZI<\/strong>\u00a0(<em>SKC Villeneuve<\/em>) &#8211; Benjamin\u00a0f\u00e9minine -40kg<\/li>\n<li><strong>Safia LAHOU<\/strong>\u00a0(<em>SKC Villeneuve<\/em>) &#8211; Benjamin\u00a0f\u00e9minine -50kg<\/li>\n<\/ul>\n<p><strong>2\u00e8me place :<\/strong><\/p>\n<ul>\n<li><strong>Camil PERINI\u00a0<\/strong>(<em>IGDKF Vanves<\/em>)<strong>\u00a0<\/strong>&#8211; Pupille masculin -30kg<\/li>\n<li><strong>Ray RAZAFIMAHERY<\/strong>\u00a0(<em>IGDKF Vanves<\/em>)<strong>\u00a0<\/strong>&#8211; Benjamin\u00a0masculin -40kg<\/li>\n<li><strong>Marissa\u00a0HAFEZAN<\/strong>\u00a0(<em>Courbevoie SK<\/em>)\u00a0&#8211;\u00a0Benjamin\u00a0f\u00e9minine -35kg<\/li>\n<\/ul>\n<p><strong>3\u00e8me\u00a0place :<\/strong><\/p>\n<ul>\n<li><strong>Dalia AJMIL\u00a0<\/strong>(<em>IFC Hamour<\/em>)\u00a0&#8211;\u00a0Pupille f\u00e9minine -30kg<\/li>\n<li><strong>Sirine BENBACCAR<\/strong>\u00a0(<em>SKC Villeneuve<\/em>) &#8211; Pupille f\u00e9minine -35kg<\/li>\n<li><strong>Khadya SAVANE<\/strong>\u00a0\u00a0(<em>SKC Villeneuve<\/em>) &#8211; Pupille f\u00e9minine -40kg<\/li>\n<li><strong>L\u00e9a NAPASEUT<\/strong>\u00a0(<em>KC Colombes<\/em>) &#8211; Pupille f\u00e9minine -45kg<\/li>\n<li><strong>Rayan QUETELOT<\/strong>\u00a0(<em>KC Colombes<\/em>)<strong>\u00a0<\/strong>&#8211; Benjamin\u00a0masculin -35kg<\/li>\n<li><strong>Raphael DESPUJOL<\/strong>\u00a0(I<em>GDKF Vanves<\/em>)<strong>\u00a0<\/strong>&#8211;\u00a0Benjamin\u00a0masculin -45kg<\/li>\n<li><strong>Matthias\u00a0RANAIVOHARINDRIAKA<\/strong>\u00a0(I<em>GDKF Vanves<\/em>)<strong>\u00a0<\/strong>&#8211;\u00a0Benjamin\u00a0masculin -55kg<\/li>\n<li><strong>N\u00e9lissa HAFEZAN<\/strong>\u00a0(<em>Courbevoie SK<\/em>)\u00a0&#8211;\u00a0Benjamin\u00a0f\u00e9minine -30kg<\/li>\n<li><strong>Joumana BOUALAOUI<\/strong>\u00a0 (<em>SKC Villeneuve<\/em>)\u00a0&#8211;\u00a0Benjamin\u00a0f\u00e9minine -35kg<\/li>\n<li><strong>C\u00e9lia RETORY\u00a0<\/strong>(<em>Courbevoie SK<\/em>)\u00a0&#8211; Benjamin\u00a0f\u00e9minine -40kg<\/li>\n<\/ul>\n<p>A noter les belles cinqui\u00e8me place de\u00a0<strong>Manael HAMET<\/strong>\u00a0(<em>IFC Hamour<\/em>) et\u00a0<strong>Pierre BARBEROUSSE<\/strong>\u00a0(<em>IGDKF Vanves<\/em>) en pupille masculin -30kg,\u00a0\u00a0<strong>Mina ESSAYED<\/strong>\u00a0(<em>Courbevoie SK<\/em>) en pupille\u00a0 f\u00e9minine -25kg,\u00a0<strong>Aymane HIRACHE\u00a0<\/strong>(<em>Courbevoie SK<\/em>) en benjamin\u00a0masculin -40kg,\u00a0<strong>Badys BAKOUR<\/strong>\u00a0(<em>KISS<\/em>) en\u00a0en benjamin\u00a0masculin -45kg,\u00a0<strong>Florian ZARBO<\/strong>\u00a0(<em>KISS<\/em>) en\u00a0en benjamin\u00a0masculin 50kg, Grace DESTY (KISS) en benjamin\u00a0f\u00e9minine -35kg<\/p>\n<p><span style=\"color: #000080\"><strong><a href=\"https:\/\/sites.ffkarate.fr\/hautsdeseine\/wp-content\/uploads\/sites\/57\/2017\/12\/20171203_Challenge_IDF_Resultat_V1.0.pdf\" target=\"_blank\" rel=\"noopener\"><span style=\"color: #003366\"><strong style=\"color: #000080\">R\u00e9sultats\u00a0du challenge IDF combat Pupilles\/Benjamin\u00a0du dimanche\u00a03 d\u00e9cembre 2017<\/strong><\/span><\/a><\/strong><\/span>\u00a0\u2b05\ufe0f\u00a0<span style=\"color: #000000\">Cliquez sur ce lien<\/span>[\/vc_column_text][\/vc_column][\/vc_row]<\/p>\n<\/div>","protected":false},"excerpt":{"rendered":"<p>[vc_row][vc_column][vc_column_text]Le\u00a0dimanche 3 d\u00e9cembre\u00a02017\u00a0avait lieu le Challenge IDF combat en pupille et benjamin \u00e0 la Halle Carpentier (75). Tr\u00e8s belle performance pour nos jeunes du d\u00e9partement avec\u00a0quatre premi\u00e8res places\u00a0(dont trois r\u00e9alis\u00e9es par le club de Villeneuve-La-Garenne),\u00a0trois deuxi\u00e8mes places\u00a0et\u00a0dix troisi\u00e8me places\u00a0!! Le comit\u00e9 d\u00e9partemental f\u00e9licite tous ces jeunes pour leur excellente comp\u00e9tition !! Tous les r\u00e9sultats en [&hellip;]<\/p>\n","protected":false},"author":87,"featured_media":1916,"comment_status":"closed","ping_status":"closed","sticky":false,"template":"","format":"standard","meta":{"footnotes":""},"categories":[1],"tags":[],"class_list":["post-4640","post","type-post","status-publish","format-standard","hentry","category-non-classe"],"_links":{"self":[{"href":"https:\/\/sites.ffkarate.fr\/hautsdeseine\/wp-json\/wp\/v2\/posts\/4640","targetHints":{"allow":["GET"]}}],"collection":[{"href":"https:\/\/sites.ffkarate.fr\/hautsdeseine\/wp-json\/wp\/v2\/posts"}],"about":[{"href":"https:\/\/sites.ffkarate.fr\/hautsdeseine\/wp-json\/wp\/v2\/types\/post"}],"author":[{"embeddable":true,"href":"https:\/\/sites.ffkarate.fr\/hautsdeseine\/wp-json\/wp\/v2\/users\/87"}],"replies":[{"embeddable":true,"href":"https:\/\/sites.ffkarate.fr\/hautsdeseine\/wp-json\/wp\/v2\/comments?post=4640"}],"version-history":[{"count":0,"href":"https:\/\/sites.ffkarate.fr\/hautsdeseine\/wp-json\/wp\/v2\/posts\/4640\/revisions"}],"wp:featuredmedia":[{"embeddable":true,"href":"https:\/\/sites.ffkarate.fr\/hautsdeseine\/wp-json\/wp\/v2\/media\/1916"}],"wp:attachment":[{"href":"https:\/\/sites.ffkarate.fr\/hautsdeseine\/wp-json\/wp\/v2\/media?parent=4640"}],"wp:term":[{"taxonomy":"category","embeddable":true,"href":"https:\/\/sites.ffkarate.fr\/hautsdeseine\/wp-json\/wp\/v2\/categories?post=4640"},{"taxonomy":"post_tag","embeddable":true,"href":"https:\/\/sites.ffkarate.fr\/hautsdeseine\/wp-json\/wp\/v2\/tags?post=4640"}],"curies":[{"name":"wp","href":"https:\/\/api.w.org\/{rel}","templated":true}]}}