{"id":4838,"date":"2018-01-25T08:25:35","date_gmt":"2018-01-25T07:25:35","guid":{"rendered":"https:\/\/sites.ffkarate.fr\/hautsdeseine\/?post_type=news&amp;p=4838"},"modified":"2018-01-25T08:25:35","modified_gmt":"2018-01-25T07:25:35","slug":"2eme-stage-dinformations-passages-de-grade-ktac-et-kfc","status":"publish","type":"post","link":"https:\/\/sites.ffkarate.fr\/hautsdeseine\/2018\/01\/25\/2eme-stage-dinformations-passages-de-grade-ktac-et-kfc\/","title":{"rendered":"2\u00e8me stage d&rsquo;informations passages de grade KTAC et KFC"},"content":{"rendered":"<div class=\"wpb-content-wrapper\"><p>[vc_row][vc_column][vc_column_text]<\/p>\n<p style=\"font-weight: 400\">Le deuxi\u00e8me stage d\u2019information sur le d\u00e9roulement des passages de grade de\u00a0<strong>KTAC<\/strong>\u00a0et\u00a0<strong>KFC<\/strong>\u00a0organis\u00e9 par le\u00a0Comit\u00e9 D\u00e9partemental des Hauts-De-Seine (les autres d\u00e9partements FFK sont accept\u00e9s) aura lieu le\u00a0<strong>samedi 10 mars 2018<\/strong>\u00a0\u00e0\u00a0<strong>Garches<\/strong>\u00a0de\u00a0<strong>14h00<\/strong>\u00a0\u00e0\u00a0<strong>17h00<\/strong>.<\/p>\n<p style=\"font-weight: 400\"><!--more--><\/p>\n<p style=\"font-weight: 400\">Stage\u00a0<strong>gratuit<\/strong>\u00a0et\u00a0<strong>ouvert \u00e0 tous<\/strong>\u00a0licenci\u00e9s FFK \u00e0 partir de ceintures bleues et cadets.<\/p>\n<p>Pour une meilleure organisation, faire parvenir \u00e0 Monsieur\u00a0<strong>Francis PLANA<\/strong>\u00a0le nom de votre club et le nombre de participants\u00a0par mail (<span style=\"color: #003366\"><strong><a style=\"color: #003366\" href=\"mailto:plana.francis@numericable.fr\" target=\"_blank\" rel=\"noopener\">plana.francis@numericable.fr<\/a><\/strong><\/span>)<\/p>\n<p><strong>Intervenants :<\/strong><\/p>\n<ul>\n<li style=\"font-weight: 400\"><strong>Jean CARBONNIER<\/strong>\n<ul>\n<li style=\"font-weight: 400\">\u00a0<span style=\"text-decoration: underline\">Programme<\/span>\u00a0: Shadow \/ Percussions (Sacs ,cibles) \/ Assauts libres<\/li>\n<\/ul>\n<\/li>\n<li style=\"font-weight: 400\"><strong>Francis PLANA<\/strong>\n<ul>\n<li>\u00a0<span style=\"text-decoration: underline\">Programme<\/span>\u00a0: Travail Technique Conventionnel \/ S\u00e9ries Techniques \/ Applications<\/li>\n<\/ul>\n<\/li>\n<\/ul>\n<p><strong>Adresse :<\/strong><br \/>\nGymnase les Meuries<br \/>\n20 rue de Suresnes<br \/>\n92380 Garches<\/p>\n<p><strong>Contact :<\/strong><br \/>\n<strong>Francis PLANA<\/strong><br \/>\nMail :\u00a0<strong><a style=\"color: #003366\" href=\"mailto:plana.francis@numericable.fr\">plana.francis@numericable.fr<\/a><\/strong><br \/>\nT\u00e8l. : 06.09.65.34.40[\/vc_column_text][\/vc_column][\/vc_row]<\/p>\n<\/div>","protected":false},"excerpt":{"rendered":"<p>[vc_row][vc_column][vc_column_text] Le deuxi\u00e8me stage d\u2019information sur le d\u00e9roulement des passages de grade de\u00a0KTAC\u00a0et\u00a0KFC\u00a0organis\u00e9 par le\u00a0Comit\u00e9 D\u00e9partemental des Hauts-De-Seine (les autres d\u00e9partements FFK sont accept\u00e9s) aura lieu le\u00a0samedi 10 mars 2018\u00a0\u00e0\u00a0Garches\u00a0de\u00a014h00\u00a0\u00e0\u00a017h00.<\/p>\n","protected":false},"author":87,"featured_media":4841,"comment_status":"closed","ping_status":"closed","sticky":false,"template":"","format":"standard","meta":{"footnotes":""},"categories":[1],"tags":[],"class_list":["post-4838","post","type-post","status-publish","format-standard","hentry","category-non-classe"],"_links":{"self":[{"href":"https:\/\/sites.ffkarate.fr\/hautsdeseine\/wp-json\/wp\/v2\/posts\/4838","targetHints":{"allow":["GET"]}}],"collection":[{"href":"https:\/\/sites.ffkarate.fr\/hautsdeseine\/wp-json\/wp\/v2\/posts"}],"about":[{"href":"https:\/\/sites.ffkarate.fr\/hautsdeseine\/wp-json\/wp\/v2\/types\/post"}],"author":[{"embeddable":true,"href":"https:\/\/sites.ffkarate.fr\/hautsdeseine\/wp-json\/wp\/v2\/users\/87"}],"replies":[{"embeddable":true,"href":"https:\/\/sites.ffkarate.fr\/hautsdeseine\/wp-json\/wp\/v2\/comments?post=4838"}],"version-history":[{"count":0,"href":"https:\/\/sites.ffkarate.fr\/hautsdeseine\/wp-json\/wp\/v2\/posts\/4838\/revisions"}],"wp:featuredmedia":[{"embeddable":true,"href":"https:\/\/sites.ffkarate.fr\/hautsdeseine\/wp-json\/wp\/v2\/media\/4841"}],"wp:attachment":[{"href":"https:\/\/sites.ffkarate.fr\/hautsdeseine\/wp-json\/wp\/v2\/media?parent=4838"}],"wp:term":[{"taxonomy":"category","embeddable":true,"href":"https:\/\/sites.ffkarate.fr\/hautsdeseine\/wp-json\/wp\/v2\/categories?post=4838"},{"taxonomy":"post_tag","embeddable":true,"href":"https:\/\/sites.ffkarate.fr\/hautsdeseine\/wp-json\/wp\/v2\/tags?post=4838"}],"curies":[{"name":"wp","href":"https:\/\/api.w.org\/{rel}","templated":true}]}}