{"id":4875,"date":"2018-02-01T22:50:50","date_gmt":"2018-02-01T21:50:50","guid":{"rendered":"https:\/\/sites.ffkarate.fr\/hautsdeseine\/?post_type=news&amp;p=4875"},"modified":"2018-02-01T22:50:50","modified_gmt":"2018-02-01T21:50:50","slug":"tous-avec-rabie","status":"publish","type":"post","link":"https:\/\/sites.ffkarate.fr\/hautsdeseine\/2018\/02\/01\/tous-avec-rabie\/","title":{"rendered":"Tous avec Rabie !!"},"content":{"rendered":"<div class=\"wpb-content-wrapper\"><p>[vc_row][vc_column][vc_column_text]<strong>Rabie HOULLICH<\/strong>, licenci\u00e9 au <em>CSMPuteaux<\/em> repr\u00e9sentera la <strong>France<\/strong> aux\u00a0<strong>Championnats d\u2019Europe de Karate\u00a0 Cadets\/Juniors\/Espoirs 2018<\/strong> dans la cat\u00e9gorie des cadets +70 kg\u00a0 demain d\u00e8s 7h00 (heure fran\u00e7aise) \u00e0 Sotchi (Russie).<\/p>\n<p><!--more--><\/p>\n<p>Nous te souhaitons une tr\u00e8s bonne comp\u00e9tition Rabie !! Tout le 92 sera derri\u00e8re toi \ud83d\udc4a !!<\/p>\n<p><a href=\"https:\/\/sites.ffkarate.fr\/hautsdeseine\/wp-content\/uploads\/sites\/57\/2018\/02\/Rabie_HOULLICH_Cadets-70kg.jpg\"><img decoding=\"async\" class=\"aligncenter size-full wp-image-4874\" src=\"https:\/\/sites.ffkarate.fr\/hautsdeseine\/wp-content\/uploads\/sites\/57\/2018\/02\/Rabie_HOULLICH_Cadets-70kg.jpg\" alt=\"Rabie_HOULLICH_Cadets+70kg\" width=\"748\" height=\"742\" srcset=\"https:\/\/sites.ffkarate.fr\/hautsdeseine\/wp-content\/uploads\/sites\/57\/2018\/02\/Rabie_HOULLICH_Cadets-70kg.jpg 748w, https:\/\/sites.ffkarate.fr\/hautsdeseine\/wp-content\/uploads\/sites\/57\/2018\/02\/Rabie_HOULLICH_Cadets-70kg-176x176.jpg 176w\" sizes=\"(max-width: 748px) 100vw, 748px\" \/><\/a><\/p>\n<p style=\"text-align: center\">\nPhoto Denis Boulanger &#8211; FFK<\/p>\n<p>[\/vc_column_text][\/vc_column][\/vc_row]<\/p>\n<\/div>","protected":false},"excerpt":{"rendered":"<p>[vc_row][vc_column][vc_column_text]Rabie HOULLICH, licenci\u00e9 au CSMPuteaux repr\u00e9sentera la France aux\u00a0Championnats d\u2019Europe de Karate\u00a0 Cadets\/Juniors\/Espoirs 2018 dans la cat\u00e9gorie des cadets +70 kg\u00a0 demain d\u00e8s 7h00 (heure fran\u00e7aise) \u00e0 Sotchi (Russie).<\/p>\n","protected":false},"author":87,"featured_media":4874,"comment_status":"closed","ping_status":"closed","sticky":false,"template":"","format":"standard","meta":{"footnotes":""},"categories":[1],"tags":[],"class_list":["post-4875","post","type-post","status-publish","format-standard","hentry","category-non-classe"],"_links":{"self":[{"href":"https:\/\/sites.ffkarate.fr\/hautsdeseine\/wp-json\/wp\/v2\/posts\/4875","targetHints":{"allow":["GET"]}}],"collection":[{"href":"https:\/\/sites.ffkarate.fr\/hautsdeseine\/wp-json\/wp\/v2\/posts"}],"about":[{"href":"https:\/\/sites.ffkarate.fr\/hautsdeseine\/wp-json\/wp\/v2\/types\/post"}],"author":[{"embeddable":true,"href":"https:\/\/sites.ffkarate.fr\/hautsdeseine\/wp-json\/wp\/v2\/users\/87"}],"replies":[{"embeddable":true,"href":"https:\/\/sites.ffkarate.fr\/hautsdeseine\/wp-json\/wp\/v2\/comments?post=4875"}],"version-history":[{"count":0,"href":"https:\/\/sites.ffkarate.fr\/hautsdeseine\/wp-json\/wp\/v2\/posts\/4875\/revisions"}],"wp:featuredmedia":[{"embeddable":true,"href":"https:\/\/sites.ffkarate.fr\/hautsdeseine\/wp-json\/wp\/v2\/media\/4874"}],"wp:attachment":[{"href":"https:\/\/sites.ffkarate.fr\/hautsdeseine\/wp-json\/wp\/v2\/media?parent=4875"}],"wp:term":[{"taxonomy":"category","embeddable":true,"href":"https:\/\/sites.ffkarate.fr\/hautsdeseine\/wp-json\/wp\/v2\/categories?post=4875"},{"taxonomy":"post_tag","embeddable":true,"href":"https:\/\/sites.ffkarate.fr\/hautsdeseine\/wp-json\/wp\/v2\/tags?post=4875"}],"curies":[{"name":"wp","href":"https:\/\/api.w.org\/{rel}","templated":true}]}}